{"id":334,"date":"2009-06-17T21:41:49","date_gmt":"2009-06-17T20:41:49","guid":{"rendered":"http:\/\/blog.luxa.hu\/?p=334"},"modified":"2009-06-17T21:43:25","modified_gmt":"2009-06-17T20:43:25","slug":"osqvik","status":"publish","type":"post","link":"https:\/\/blog.luxa.hu\/?p=334","title":{"rendered":"Osqvik"},"content":{"rendered":"<p>Az i<a href=\"http:\/\/www.ths.kth.se\/en\/career-business-world\/nymble-and-osqvik\">tteni HK honlapj\u00e1n<\/a> m\u00e1r tavasz elej\u00e9n felfigyelt\u00fcnk arra a kijelent\u00e9sre, hogy a tags\u00e1ggal j\u00e1r\u00f3 el\u0151ny\u00f6k k\u00f6z\u00fcl az egyik, az egy nagyon pici tulajdonosi h\u00e1nyad egy vid\u00e9ki nyaral\u00f3h\u00e1zban. A rekl\u00e1manyag szerint tengerparti, szaun\u00e1s, k\u00f6r\u00fclbel\u00fcl 25 f\u00e9r\u0151helyes \u00e9s b\u00e1rmikor ki lehet b\u00e9relni ar\u00e1nylag olcs\u00f3n. Mivel k\u00e9t ismer\u0151snek (Bernhardnak \u00e9s Manuelnek) is \u00e9pp sz\u00fclinapja volt, ez\u00e9rt j\u00f3 el\u0151re lefoglaltuk m\u00e1jus v\u00e9g\u00e9re.<\/p>\n<p>El is indultunk egy, m\u00e1r\/m\u00e9g kellemesen meleg szerda reggelen Oskviq ir\u00e1ny\u00e1ba busszal. A 25 kilom\u00e9teres \u00fat mondjuk nem telt z\u00f6kken\u0151mentesen, v\u00e9letlen\u00fcl eggyel kor\u00e1bban sz\u00e1lltunk le, az egy \u00f3ra gyalogl\u00e1st az\u00e9rt sz\u00edvesen kihagytam volna. (A b\u00e9rletek egy\u00e9bk\u00e9nt itt is \u00e9rv\u00e9nyesek voltak.)<\/p>\n<div style=\"width: 410px\" class=\"wp-caption aligncenter\"><a href=\"http:\/\/picasaweb.google.com\/lh\/photo\/Qa1ypHYviF_i5TxyrQaaHQ?feat=embedwebsite\"><img decoding=\"async\" loading=\"lazy\" src=\"http:\/\/lh4.ggpht.com\/_UioWDNnesTU\/Sio4LwcmyoI\/AAAAAAAAHSc\/c62WEKqdVFI\/s400\/506%20-%20Osqvik.JPG\" alt=\"\" width=\"400\" height=\"300\" \/><\/a><p class=\"wp-caption-text\">Kil\u00e1t\u00e1s<\/p><\/div>\n<p>Maga a h\u00e1z t\u00e9nyleg el\u00e9g nagy, szerintem negyvenen is elf\u00e9rn\u00e9nek, mi tizenvalah\u00e1nyan el\u00e9g szell\u0151sen voltunk. A tengerpart is tengerpart, de a h\u00e1z \u00e9s a v\u00edz k\u00f6z\u00f6tt elhelyezked\u0151 t\u00edzm\u00e9teres szintk\u00fcl\u00f6nbs\u00e9g kimaradt valahogy a prospektusb\u00f3l&#8230; Annyira mondjuk nem baj, mert a szaun\u00e1t szerencs\u00e9re a v\u00edz mell\u00e9 rakt\u00e1k.<\/p>\n<div style=\"width: 410px\" class=\"wp-caption aligncenter\"><a href=\"http:\/\/picasaweb.google.com\/lh\/photo\/9UCm2X305Ch4Hs4N9AI8yg?feat=embedwebsite\"><img decoding=\"async\" loading=\"lazy\" src=\"http:\/\/lh4.ggpht.com\/_UioWDNnesTU\/Sio4RIbRDNI\/AAAAAAAAHT4\/vUXZ2HkMg4E\/s400\/528%20-%20Osqvik%20-%20%20H%C3%A1z.JPG\" alt=\"\" width=\"400\" height=\"300\" \/><\/a><p class=\"wp-caption-text\">A h\u00e1z bel\u00fclr\u0151l nagyobb<\/p><\/div>\n<p>A nap h\u00e1tralev\u0151 r\u00e9sze \u00edgy szaun\u00e1z\u00e1ssal \u00e9s grillez\u00e9ssel telt. (Tanuls\u00e1g: a mol\u00f3r\u00f3l \u00e9rdemes el\u0151re \u00e9s nem oldalra ugrani, a l\u00e1bujjam a k\u0151 okozta v\u00e1g\u00e1s ut\u00e1n napokig gy\u00f3gyult&#8230;) Meg persze a Floris \u00e1ltal bemutatott l\u00f3verseny nev\u0171 iv\u00f3s j\u00e1t\u00e9kkal, a szab\u00e1lyokat itt helyhi\u00e1ny miatt ink\u00e1bb nem mutatn\u00e1m be, de nagyon sz\u00f3rakoztat\u00f3 \u00e9s csak egy pakli k\u00e1rtya kell hozz\u00e1. (\u00c9s term\u00e9szetesen ipari mennyis\u00e9g\u0171 alkohol.)<\/p>\n<div style=\"width: 410px\" class=\"wp-caption aligncenter\"><a href=\"http:\/\/picasaweb.google.com\/lh\/photo\/2rDiWNgqxnE_E3V5fhADfg?feat=embedwebsite\"><img decoding=\"async\" loading=\"lazy\" src=\"http:\/\/lh6.ggpht.com\/_UioWDNnesTU\/Sio4VI7PdaI\/AAAAAAAAHVM\/NCchqWbEyLg\/s400\/548%20-%20Osqvik%20-%20%20J%C3%A4germeister.JPG\" alt=\"\" width=\"400\" height=\"300\" \/><\/a><p class=\"wp-caption-text\">Bernhard aj\u00e1nd\u00e9k\u00e1nak egy r\u00e9sze<\/p><\/div>\n<p>Este volt a BL d\u00f6nt\u0151 is, de \u00e9rdekl\u0151d\u00e9s hi\u00e1nya miatt a megn\u00e9z\u00e9se elmaradt, mert az a sz\u00fclinapos, aki miatt k\u00e9sz\u00fclt\u00fcnk notebookkal \u00e9s nettel, az nem j\u00f6tt el. Az\u00e9rt annyira nem is hi\u00e1nyzott&#8230;<\/p>\n<p style=\"padding-left: 30px;\">K\u00e9pek: Vegyes3 album <a href=\"http:\/\/picasaweb.google.com\/luxandras\/VegyesSvedKepek3#5344145659042093858\">1<\/a>-54.<\/p>\n","protected":false},"excerpt":{"rendered":"<p>Az itteni HK honlapj\u00e1n m\u00e1r tavasz elej\u00e9n felfigyelt\u00fcnk arra a kijelent\u00e9sre, hogy a tags\u00e1ggal j\u00e1r\u00f3 el\u0151ny\u00f6k k\u00f6z\u00fcl az egyik, az egy nagyon pici tulajdonosi h\u00e1nyad egy vid\u00e9ki nyaral\u00f3h\u00e1zban. A rekl\u00e1manyag szerint tengerparti, szaun\u00e1s, k\u00f6r\u00fclbel\u00fcl 25 f\u00e9r\u0151helyes \u00e9s b\u00e1rmikor ki lehet b\u00e9relni ar\u00e1nylag olcs\u00f3n. Mivel k\u00e9t ismer\u0151snek (Bernhardnak \u00e9s Manuelnek) is \u00e9pp sz\u00fclinapja volt, ez\u00e9rt j\u00f3 [&hellip;]<\/p>\n","protected":false},"author":2,"featured_media":0,"comment_status":"open","ping_status":"open","sticky":false,"template":"","format":"standard","meta":[],"categories":[5],"tags":[15,3],"_links":{"self":[{"href":"https:\/\/blog.luxa.hu\/index.php?rest_route=\/wp\/v2\/posts\/334"}],"collection":[{"href":"https:\/\/blog.luxa.hu\/index.php?rest_route=\/wp\/v2\/posts"}],"about":[{"href":"https:\/\/blog.luxa.hu\/index.php?rest_route=\/wp\/v2\/types\/post"}],"author":[{"embeddable":true,"href":"https:\/\/blog.luxa.hu\/index.php?rest_route=\/wp\/v2\/users\/2"}],"replies":[{"embeddable":true,"href":"https:\/\/blog.luxa.hu\/index.php?rest_route=%2Fwp%2Fv2%2Fcomments&post=334"}],"version-history":[{"count":7,"href":"https:\/\/blog.luxa.hu\/index.php?rest_route=\/wp\/v2\/posts\/334\/revisions"}],"predecessor-version":[{"id":340,"href":"https:\/\/blog.luxa.hu\/index.php?rest_route=\/wp\/v2\/posts\/334\/revisions\/340"}],"wp:attachment":[{"href":"https:\/\/blog.luxa.hu\/index.php?rest_route=%2Fwp%2Fv2%2Fmedia&parent=334"}],"wp:term":[{"taxonomy":"category","embeddable":true,"href":"https:\/\/blog.luxa.hu\/index.php?rest_route=%2Fwp%2Fv2%2Fcategories&post=334"},{"taxonomy":"post_tag","embeddable":true,"href":"https:\/\/blog.luxa.hu\/index.php?rest_route=%2Fwp%2Fv2%2Ftags&post=334"}],"curies":[{"name":"wp","href":"https:\/\/api.w.org\/{rel}","templated":true}]}}