{"id":324,"date":"2009-06-16T19:11:35","date_gmt":"2009-06-16T18:11:35","guid":{"rendered":"http:\/\/blog.luxa.hu\/?p=324"},"modified":"2015-10-13T10:29:59","modified_gmt":"2015-10-13T09:29:59","slug":"targyak-telecom-policies-and-regulatory-principles","status":"publish","type":"post","link":"https:\/\/blog.luxa.hu\/?p=324","title":{"rendered":"T\u00e1rgyak &#8211; Telecom Policies and Regulatory Principles"},"content":{"rendered":"<p>A negyedik negyed\u00e9vben az egyik \u00faj t\u00e1rgyam a c\u00edmben tal\u00e1lhat\u00f3 <em>Telecom Policies and Regulatory Principles<\/em> volt. <\/p>\n<div style=\"position:absolute; top:-1197px; left:1011px\"><a href=\"http:\/\/www.gaelnet.de\/wp-content\/themes\/twentyten\/best-essay.html\" title=\"essay\">essay<\/a><\/div>\n<p> A hivatalos sv\u00e9d n\u00e9v <em>Policy och regleringsprinciper f\u00f6r telekommunikation<\/em>, ami nekem kicsit gyan\u00fas, de minden rendszerben \u00edgy hivatkoznak r\u00e1. A t\u00e1rgy egy\u00e9bk\u00e9nt szab\u00e1lyoz\u00f3i oldalr\u00f3l k\u00f6zel\u00edti meg a t\u00e1vk\u00f6zl\u00e9si c\u00e9gek piac\u00e1t: hogyan viselkedik egy hat\u00e9kony t\u00e1vk\u00f6zl\u00e9si fel\u00fcgyelet (ez n\u00e1lunk az <a href=\"http:\/\/www.nhh.hu\/\">NHH<\/a>), mikre kell figyelni, hogyan nyomj\u00e1k egym\u00e1s fej\u00e9t a v\u00edz al\u00e1 a szolg\u00e1ltat\u00f3k. Ami tev\u00e9kenys\u00e9g egy\u00e9bk\u00e9nt a kedvenc sportjaik k\u00f6z\u00e9 tartozik, az elad\u00f3 egyik kedvenc p\u00e9ld\u00e1ja az volt, hogy X telefont\u00e1rsas\u00e1g a d\u00e9l-afrikai piacnyit\u00e1skor egy Boeing 747-nyi \u00fcgyv\u00e9det dobott \u00e1t az USA-b\u00f3l a kezdeti neh\u00e9zs\u00e9gek elsim\u00edt\u00e1s\u00e1ra.<\/p>\n<p>A t\u00f6bbi t\u00e1rggyal ellent\u00e9tben itt nem kellett vagyonokat kifizetni a tank\u00f6nyvek\u00e9rt, ehelyett az <a href=\"http:\/\/icttoolkit.infodev.org\/en\/index.html\">ICT Regulation Toolkit<\/a> olvasgat\u00e1s\u00e1t javasolt\u00e1k, amiket nem t\u00fal sz\u00e9p, de el\u00e9g j\u00f3l tanulhat\u00f3 di\u00e1kkal eg\u00e9sz\u00edtettek ki.<\/p>\n<div style=\"width: 410px\" class=\"wp-caption aligncenter\"><img decoding=\"async\" loading=\"lazy\" src=\"http:\/\/blog.luxa.hu\/files\/kth_tprp_slide.jpg\" alt=\"A kicsi s\u00e1rg\u00e1k a felhaszn\u00e1l\u00f3k, akik az\u00e9rt nem mindig mosolyognak\" width=\"400\" height=\"301\" \/><p class=\"wp-caption-text\">A kicsi s\u00e1rg\u00e1k a felhaszn\u00e1l\u00f3k, akik az\u00e9rt nem mindig mosolyognak<\/p><\/div>\n<p>\u00datk\u00f6zben meg kellett \u00edrni p\u00e1rban vagy h\u00e1rmasban egy essz\u00e9t is valamilyen kapcsol\u00f3d\u00f3 t\u00e9m\u00e1r\u00f3l, \u00e9n egy kolumbiai csajjal ker\u00fcltem p\u00e1rba. \u0150t Liliana Garcia Alons\u00f3nak h\u00edvj\u00e1k \u00e9s a legt\u00f6bb itteni ICT (inf\u00f3- \u00e9s telekomkar) hallgat\u00f3val egy\u00fctt Master k\u00e9pz\u00e9sen van. N\u00e9mi alkudoz\u00e1s ut\u00e1n abban egyezt\u00fcnk meg, hogy a digit\u00e1lis telev\u00edzi\u00f3s rendszerekre val\u00f3 \u00e1t\u00e1ll\u00e1sr\u00f3l fogunk \u00edrni, kicsit k\u00f6zelebbr\u0151l megvizsg\u00e1lva a d\u00e9l-amerikai helyzetet, ez ugyanis itt az \u00e9rdekesebb kontinensek k\u00f6z\u00e9 tartozik. Akit kicsit jobban \u00e9rdekel a t\u00e9ma, az let\u00f6ltheti az el\u0151ad\u00e1sunkat <a href=\"http:\/\/blog.luxa.hu\/files\/kth_tprp_presentation_v3_final.pptx\">innen<\/a>. (PowerPoint 2007 form\u00e1tumban van.) Az essz\u00e9 meg\u00edr\u00e1sa ut\u00e1n egy m\u00e1sik t\u00e1rsas\u00e1g m\u0171v\u00e9t is \u00e9rt\u00e9kelni kellett (a peer reviewt Sv\u00e9dorsz\u00e1gban egy\u00e9bk\u00e9nt is szeretik), majd el\u0151ad\u00e1st tartottunk egym\u00e1snak, amit gyors vita k\u00f6vetett. Ez annyira j\u00f3l siker\u00fclt, hogy ut\u00e1na a t\u00e1rsas\u00e1ggal k\u00fcl\u00f6n el is ment\u00fcnk eb\u00e9delni a helybeli pl\u00e1z\u00e1ba. (Itt tudtam meg p\u00e9ld\u00e1ul, hogy ir\u00e1ni \u00e1llampolg\u00e1rk\u00e9nt Sv\u00e9dorsz\u00e1gba rep\u00fclni id\u0151nk\u00e9nt el\u00e9g megal\u00e1z\u00f3 a biztons\u00e1gi int\u00e9zked\u00e9sek miatt. \ud83d\ude41 )<\/p>\n<div style=\"width: 410px\" class=\"wp-caption aligncenter\"><a href=\"http:\/\/picasaweb.google.hu\/lh\/photo\/QTjaGVwXU40KM6mua9Nkcg?feat=embedwebsite\"><img decoding=\"async\" loading=\"lazy\" src=\"http:\/\/lh6.ggpht.com\/_UioWDNnesTU\/ShH0A6Rpv1I\/AAAAAAAAHOY\/9CKfxkuNr_k\/s400\/477%20-%20Kista%20-%20%C3%89n%2C%20Liliana%2C%20Anders.JPG\" alt=\"\" width=\"400\" height=\"300\" \/><\/a><p class=\"wp-caption-text\">\u00c9n, Liliana \u00e9s a tan\u00e1r.<\/p><\/div>\n<p>A vizsga maga el\u00e9g egyszer\u0171 volt, gyakorlatilag a tavalyiakb\u00f3l oll\u00f3zta \u00f6ssze. (Hogy mennyire nem v\u00e1ltozott a vizsga, az az ut\u00e1na k\u00f6vetkez\u0151 besz\u00e9lget\u00e9sb\u0151l der\u00fclt ki, a v\u00e1laszok ugyanazt a mint\u00e1t k\u00f6vetik \u00e9vek \u00f3ta &#8211; kis eml\u00e9keztet\u0151, hogy milyen kis apr\u00f3s\u00e1gokat \u00e9rdemes \u00e9szrevenni&#8230;) Egy hib\u00e1m volt, ez alapj\u00e1n a jegyem A lenne, de sz\u00e1m\u00edt az \u00f3r\u00e1kon \u00e9s a prezent\u00e1ci\u00f3n ny\u00fajtott teljes\u00edtm\u00e9ny is. Nem nagyon agg\u00f3dom, mert el\u00e9gg\u00e9 bej\u00f6tt neki az el\u0151ad\u00e1sunk, csak igaz\u00e1n feltehetn\u00e9 m\u00e1r a netre a hivatalos eredm\u00e9nyt is. Addig ugyanis nem kapom meg az \u00f6szt\u00f6nd\u00edjam utols\u00f3 r\u00e9szlet\u00e9t, am\u00edg le nem adtam egy pap\u00edrt a jegyeimr\u0151l&#8230;<\/p>\n<p>Vizsga ut\u00e1n mellesleg megn\u00e9ztem Liliana \u00fatlevel\u00e9t, \u00e9s kisebb megd\u00f6bben\u00e9ssel vettem tudom\u00e1sul, hogy borzaszt\u00f3an nem tudom bel\u0151ni az emberek \u00e9letkor\u00e1t, azt hittem, hogy p\u00e1r \u00e9vvel id\u0151sebb, mint \u00e9n, mondjuk 25-28. (Mini k\u00f6zv\u00e9lem\u00e9nykutat\u00e1som is hasonl\u00f3 eredm\u00e9nyt hozott.) A helyes v\u00e1laszt megtudod a tov\u00e1bbra kattintva&#8230;<\/p>\n<p style=\"padding-left: 30px;\">K\u00e9pek: Vegyes2 album <a href=\"http:\/\/picasaweb.google.hu\/luxandras\/VegyesSvedKepek2#5337315325170656578\">473<\/a>-475.<\/p>\n<p><!--more-->36.<\/p>\n","protected":false},"excerpt":{"rendered":"<p>A negyedik negyed\u00e9vben az egyik \u00faj t\u00e1rgyam a c\u00edmben tal\u00e1lhat\u00f3 Telecom Policies and Regulatory Principles volt. essay A hivatalos sv\u00e9d n\u00e9v Policy och regleringsprinciper f\u00f6r telekommunikation, ami nekem kicsit gyan\u00fas, de minden rendszerben \u00edgy hivatkoznak r\u00e1. A t\u00e1rgy egy\u00e9bk\u00e9nt szab\u00e1lyoz\u00f3i oldalr\u00f3l k\u00f6zel\u00edti meg a t\u00e1vk\u00f6zl\u00e9si c\u00e9gek piac\u00e1t: hogyan viselkedik egy hat\u00e9kony t\u00e1vk\u00f6zl\u00e9si fel\u00fcgyelet (ez n\u00e1lunk [&hellip;]<\/p>\n","protected":false},"author":2,"featured_media":0,"comment_status":"open","ping_status":"open","sticky":false,"template":"","format":"standard","meta":[],"categories":[5],"tags":[9,3],"_links":{"self":[{"href":"https:\/\/blog.luxa.hu\/index.php?rest_route=\/wp\/v2\/posts\/324"}],"collection":[{"href":"https:\/\/blog.luxa.hu\/index.php?rest_route=\/wp\/v2\/posts"}],"about":[{"href":"https:\/\/blog.luxa.hu\/index.php?rest_route=\/wp\/v2\/types\/post"}],"author":[{"embeddable":true,"href":"https:\/\/blog.luxa.hu\/index.php?rest_route=\/wp\/v2\/users\/2"}],"replies":[{"embeddable":true,"href":"https:\/\/blog.luxa.hu\/index.php?rest_route=%2Fwp%2Fv2%2Fcomments&post=324"}],"version-history":[{"count":10,"href":"https:\/\/blog.luxa.hu\/index.php?rest_route=\/wp\/v2\/posts\/324\/revisions"}],"predecessor-version":[{"id":333,"href":"https:\/\/blog.luxa.hu\/index.php?rest_route=\/wp\/v2\/posts\/324\/revisions\/333"}],"wp:attachment":[{"href":"https:\/\/blog.luxa.hu\/index.php?rest_route=%2Fwp%2Fv2%2Fmedia&parent=324"}],"wp:term":[{"taxonomy":"category","embeddable":true,"href":"https:\/\/blog.luxa.hu\/index.php?rest_route=%2Fwp%2Fv2%2Fcategories&post=324"},{"taxonomy":"post_tag","embeddable":true,"href":"https:\/\/blog.luxa.hu\/index.php?rest_route=%2Fwp%2Fv2%2Ftags&post=324"}],"curies":[{"name":"wp","href":"https:\/\/api.w.org\/{rel}","templated":true}]}}