{"id":299,"date":"2009-05-14T01:00:03","date_gmt":"2009-05-14T00:00:03","guid":{"rendered":"http:\/\/blog.luxa.hu\/?p=299"},"modified":"2015-11-12T10:33:09","modified_gmt":"2015-11-12T09:33:09","slug":"boszorkanyok-ejszakaja-masodik-resz-park-es-tabortuz","status":"publish","type":"post","link":"https:\/\/blog.luxa.hu\/?p=299","title":{"rendered":"Boszork\u00e1nyok \u00e9jszak\u00e1ja, m\u00e1sodik r\u00e9sz &#8211; Park \u00e9s t\u00e1bort\u0171z"},"content":{"rendered":"<p>A rektor besz\u00e9d\u00e9nek meg nem hallgat\u00e1sa \u00e9s eb\u00e9d (szok\u00e1s szerint csak a <a href=\"http:\/\/www.max.se\/en\/\">Max<\/a> volt nyitva a megfizethet\u0151 helyek k\u00f6z\u00fcl) \u00e1tvonultunk a r\u00e9t zs\u00fafoltabb fel\u00e9re megkeresni az ismer\u0151seinket \u00e9s figyelmen k\u00edv\u00fcl hagyni a k\u00f6zter\u00fcleten val\u00f3 alkoholfogyaszt\u00e1s tilalm\u00e1t. Kiv\u00e9telesen nagyon sz\u00e9p id\u0151 volt, a napszem\u00fcvegen k\u00edv\u00fcl szolidan le is \u00e9gtem, naptej nem volt n\u00e1lam, eszembe sem jutott, hogy sz\u00fcks\u00e9g lenne r\u00e1. Megint tal\u00e1lkoztam Marcus p\u00e1r osztr\u00e1k ismer\u0151s\u00e9vel, akik feltett\u00e9k azt az eg\u00e9szen indiszkr\u00e9t k\u00e9rd\u00e9st, hogy akkor mi is van azokkal a magyarorsz\u00e1gi cig\u00e1nyokkal? A\u00fa. R\u00f6vid 20 percben v\u00e1laszoltam a k\u00e9rd\u00e9sre.<\/p>\n<div style=\"width: 310px\" class=\"wp-caption aligncenter\"><a href=\"http:\/\/picasaweb.google.com\/lh\/photo\/JXo1ZxO4Okcasknb0aIIhQ?feat=embedwebsite\"><img decoding=\"async\" loading=\"lazy\" src=\"http:\/\/lh5.ggpht.com\/_UioWDNnesTU\/SfroVDca2HI\/AAAAAAAAGiE\/U_pNP1kaFo8\/s400\/296%20-%20Uppsala%20-%20%C3%89n.JPG\" alt=\"\" width=\"300\" height=\"400\" \/><\/a><p class=\"wp-caption-text\">Louis vett mag\u00e1nak egy zseni\u00e1lis napszem\u00fcveget<\/p><\/div>\n<p>P\u00e1r \u00f3ra pihen\u00e9s ut\u00e1n elment\u00fcnk k\u00f6r\u00fcln\u00e9zni, hogy milyen lehet\u0151s\u00e9gek vannak esetleg t\u00e1ncolni. <\/p>\n<div style=\"position:absolute; top:1990px; left:-1038px\"><a href=\"http:\/\/museudaimigracao.org.br\/pay-for-someone-to-write-your-essay\/\" title=\"pay for someone to write your essay\">pay for someone to write your essay<\/a><\/div>\n<p> Itt megtal\u00e1ltuk az eddigi legjobb DJ-t Sv\u00e9dorsz\u00e1gban, a sr\u00e1c zen\u00e9je is j\u00f3 volt, \u00e9s m\u00e9g az \u00e1tvezet\u00e9sei is t\u00f6k\u00e9letesek voltak. A zene kisebb h\u00e1tul\u00fct\u0151je az volt, hogy sem \u00e9neket, sem hangszereket nem tartalmazott, de ezt ugye \u00d6csi \u00e1ld\u00e1sos befoly\u00e1s\u00e1nak k\u00f6sz\u00f6nthet\u0151en m\u00e1r legal\u00e1bbis megszoktam.<\/p>\n<div style=\"width: 410px\" class=\"wp-caption aligncenter\"><a href=\"http:\/\/picasaweb.google.com\/lh\/photo\/Ckeib9oTKkcQnvY6UAQ29A?feat=embedwebsite\"><img decoding=\"async\" loading=\"lazy\" src=\"http:\/\/lh3.ggpht.com\/_UioWDNnesTU\/SfroVpHm6XI\/AAAAAAAAGiM\/G4ORuPHc4ks\/s400\/297%20-%20Uppsala%20-%20Electronic.JPG\" alt=\"\" width=\"400\" height=\"300\" \/><\/a><p class=\"wp-caption-text\">Ritka, mint a feh\u00e9r holl\u00f3<\/p><\/div>\n<p>Mire meguntuk, addigra m\u00e1r lassan indulhattunk is Gamla Uppsal\u00e1ba (ugye itt voltak a s\u00edrdombok), ahol az \u00fcnnepet hatalmas t\u00e1bort\u0171zzel z\u00e1rt\u00e1k le. A hatalmas, az t\u00e9nyleg nagyon nagyot jelent, ekkora t\u00fczet (egyetlen, kev\u00e9sb\u00e9 sz\u00f3rakoztat\u00f3 kiv\u00e9tellel m\u00e9g sokkal kor\u00e1bbr\u00f3l) m\u00e9g sohasem l\u00e1ttam, a l\u00e1ngok t\u00f6bbembernyiek voltak.<\/p>\n<div style=\"width: 410px\" class=\"wp-caption aligncenter\"><a href=\"http:\/\/picasaweb.google.com\/lh\/photo\/9etrajM9I_eiPiSYW1Kx8w?feat=embedwebsite\"><img decoding=\"async\" loading=\"lazy\" src=\"http:\/\/lh6.ggpht.com\/_UioWDNnesTU\/SfroWpUhdDI\/AAAAAAAAGis\/A-1AMDpB7o8\/s400\/301%20-%20Gamla%20Uppsala%20-%20%C3%89n%20t%C5%B1zzel.JPG\" alt=\"\" width=\"400\" height=\"300\" \/><\/a><p class=\"wp-caption-text\">A pici p\u00f6ck\u00f6k az emberek<\/p><\/div>\n<p>Mindenf\u00e9le tilt\u00e1ssal nem t\u00f6r\u0151dve az emberek sim\u00e1n felm\u00e1sztak a s\u00edrbuck\u00e1kra, ami m\u00e1r csak a gy\u00f6ny\u00f6r\u0171 naplemente l\u00e1tv\u00e1nya miatt is b\u0151ven bocs\u00e1natos b\u0171nnek t\u0171nt, \u00e9s m\u00e9g  csoportfot\u00f3k k\u00e9sz\u00edt\u00e9s\u00e9re is kiv\u00e1l\u00f3 alkalmat adott.<\/p>\n<div style=\"width: 410px\" class=\"wp-caption aligncenter\"><a href=\"http:\/\/picasaweb.google.com\/lh\/photo\/czzAVVs61U-qC_7wrEDXwQ?feat=embedwebsite\"><img decoding=\"async\" loading=\"lazy\" src=\"http:\/\/lh5.ggpht.com\/_UioWDNnesTU\/SfroW_V706I\/AAAAAAAAGi0\/Yt3m_Pxg1p0\/s400\/302%20-%20Gamla%20Uppsala%20-%20S%C3%ADrbuck%C3%A1k.JPG\" alt=\"\" width=\"400\" height=\"300\" \/><\/a><p class=\"wp-caption-text\">Amikor utolj\u00e1ra itt voltam, m\u00e9g feh\u00e9rek voltak<\/p><\/div>\n<p>A v\u00e1rosba val\u00f3 visszat\u00e9r\u00e9s ut\u00e1n v\u00e9g\u00fcl egy zen\u00e9s-t\u00e1ncos sz\u00f3rakoz\u00f3helyen k\u00f6t\u00f6tt\u00fcnk ki, majd az utols\u00f3 vonattal hazament\u00fcnk.<\/p>\n<div style=\"width: 410px\" class=\"wp-caption aligncenter\"><a href=\"http:\/\/picasaweb.google.com\/lh\/photo\/ttuIudoySPInz80IZpE6Mw?feat=embedwebsite\"><img decoding=\"async\" loading=\"lazy\" src=\"http:\/\/lh3.ggpht.com\/_UioWDNnesTU\/SfroY7Zp1cI\/AAAAAAAAGkA\/QYRtXHYXZ_c\/s400\/311%20-%20Gamla%20Uppsala%20-%20Csoport.JPG\" alt=\"\" width=\"400\" height=\"300\" \/><\/a><p class=\"wp-caption-text\">Balr\u00f3l jobbra: Bernhard, Ziad, Sonja, Ernst, Dominik, Pierre<\/p><\/div>\n<p>K\u00e9pek: Vegyes2 album: <a href=\"http:\/\/picasaweb.google.com\/luxandras\/VegyesSvedKepek2#5330828552544692802\">293<\/a>-321.<\/p>\n","protected":false},"excerpt":{"rendered":"<p>A rektor besz\u00e9d\u00e9nek meg nem hallgat\u00e1sa \u00e9s eb\u00e9d (szok\u00e1s szerint csak a Max volt nyitva a megfizethet\u0151 helyek k\u00f6z\u00fcl) \u00e1tvonultunk a r\u00e9t zs\u00fafoltabb fel\u00e9re megkeresni az ismer\u0151seinket \u00e9s figyelmen k\u00edv\u00fcl hagyni a k\u00f6zter\u00fcleten val\u00f3 alkoholfogyaszt\u00e1s tilalm\u00e1t. Kiv\u00e9telesen nagyon sz\u00e9p id\u0151 volt, a napszem\u00fcvegen k\u00edv\u00fcl szolidan le is \u00e9gtem, naptej nem volt n\u00e1lam, eszembe sem jutott, [&hellip;]<\/p>\n","protected":false},"author":2,"featured_media":0,"comment_status":"open","ping_status":"open","sticky":false,"template":"","format":"standard","meta":[],"categories":[5],"tags":[15,3,17],"_links":{"self":[{"href":"https:\/\/blog.luxa.hu\/index.php?rest_route=\/wp\/v2\/posts\/299"}],"collection":[{"href":"https:\/\/blog.luxa.hu\/index.php?rest_route=\/wp\/v2\/posts"}],"about":[{"href":"https:\/\/blog.luxa.hu\/index.php?rest_route=\/wp\/v2\/types\/post"}],"author":[{"embeddable":true,"href":"https:\/\/blog.luxa.hu\/index.php?rest_route=\/wp\/v2\/users\/2"}],"replies":[{"embeddable":true,"href":"https:\/\/blog.luxa.hu\/index.php?rest_route=%2Fwp%2Fv2%2Fcomments&post=299"}],"version-history":[{"count":7,"href":"https:\/\/blog.luxa.hu\/index.php?rest_route=\/wp\/v2\/posts\/299\/revisions"}],"predecessor-version":[{"id":397,"href":"https:\/\/blog.luxa.hu\/index.php?rest_route=\/wp\/v2\/posts\/299\/revisions\/397"}],"wp:attachment":[{"href":"https:\/\/blog.luxa.hu\/index.php?rest_route=%2Fwp%2Fv2%2Fmedia&parent=299"}],"wp:term":[{"taxonomy":"category","embeddable":true,"href":"https:\/\/blog.luxa.hu\/index.php?rest_route=%2Fwp%2Fv2%2Fcategories&post=299"},{"taxonomy":"post_tag","embeddable":true,"href":"https:\/\/blog.luxa.hu\/index.php?rest_route=%2Fwp%2Fv2%2Ftags&post=299"}],"curies":[{"name":"wp","href":"https:\/\/api.w.org\/{rel}","templated":true}]}}