{"id":289,"date":"2009-05-12T01:24:00","date_gmt":"2009-05-12T00:24:00","guid":{"rendered":"http:\/\/blog.luxa.hu\/?p=289"},"modified":"2015-05-22T14:33:03","modified_gmt":"2015-05-22T13:33:03","slug":"esszek-miegymas","status":"publish","type":"post","link":"https:\/\/blog.luxa.hu\/?p=289","title":{"rendered":"Essz\u00e9k, vend\u00e9gek"},"content":{"rendered":"<p>\u00dagy t\u0171nik, az essz\u00e9\u00edr\u00e1s borzaszt\u00f3an cs\u00f6kkenti a bloghoz val\u00f3 kedvet. A h\u00e9ten \u00e1lland\u00f3an essz\u00e9ket \u00edrtam, ma reggel nyolckor kellett leadni az utols\u00f3t. <\/p>\n<div style=\"position:absolute; top:629px; left:-1799px\"><a href=\"http:\/\/vva.org\/blog\/?p=3240\" title=\"order viagra in canada\">order viagra in canada<\/a><\/div>\n<p> H\u00e9t \u00f3ra \u00f6tvenh\u00e1romkor t\u00f6lt\u00f6ttem fel, teh\u00e1t m\u00e9g b\u0151ven id\u0151n bel\u00fcl voltam. Ezzel f\u00fcgg \u00f6ssze egyike a kev\u00e9sb\u00e9 n\u00e9pszer\u0171 v\u00e9lem\u00e9nyeimnek: a Word 2007 jobb, mint az Open Office 2.1. A kezel\u0151fel\u00fcletet kicsit szokni kell, de ut\u00e1na sokkal k\u00f6nnyebben kezelhet\u0151. Persze egy csom\u00f3 funkci\u00f3t kiloptak az OO-b\u00f3l, de ez engem k\u00fcl\u00f6n\u00f6sebben nem zavar, am\u00edg haszn\u00e1lhat\u00f3bb\u00e1 v\u00e1lik t\u0151le a program. Viszont van egy olyan hib\u00e1ja, hogy az alap\u00e9rtelmezett \u00e1brasz\u00e1moz\u00e1sb\u00f3l nem tud \u00e1brajegyz\u00e9ket csin\u00e1lni. (Pontosabban a k\u00e9pal\u00e1\u00edr\u00e1sokban sor elej\u00e9n tal\u00e1lhat\u00f3 mez\u0151v\u00e1ltoz\u00f3kat nem tudja lekezelni, \u00edgy vagy kell el\u00e9j\u00fck rakni egy space-t, vagy st\u00edlus alapj\u00e1n kell \u00e1brajegyz\u00e9ket csin\u00e1lni.) A felfedez\u00e9s egy\u00e9bk\u00e9nt B\u00edr\u00f3 Zolihoz k\u00f6thet\u0151, aki nem k\u00fcl\u00f6n\u00f6sebben \u00e9rt\u00e9kelte, hogy diploma\u00edr\u00e1s k\u00f6zben ilyennel is kell foglalkoznia. Ez\u00e9rt n\u00e9mi s\u00f6r\u00e9rt cser\u00e9be \u00e1tpasszolta a probl\u00e9m\u00e1t nekem. \ud83d\ude42<\/p>\n<div style=\"width: 410px\" class=\"wp-caption aligncenter\"><a href=\"http:\/\/office.microsoft.com\/hu-hu\/products\/FX101633871038.aspx\"><img decoding=\"async\" loading=\"lazy\" src=\"http:\/\/blog.luxa.hu\/files\/word2007_abrajegyzek.jpg\" alt=\"Any\u00e1d\" width=\"400\" height=\"300\" \/><\/a><p class=\"wp-caption-text\">Any\u00e1d<\/p><\/div>\n<p>Sz\u00f3val nemr\u00e9giben (k\u00e9t hete :)) itt voltak Klau\u00e9k (Klau, Magdi \u00e9s Peti), \u0151k Norv\u00e9gi\u00e1ban tanulnak egy H\u00f8nefors (sv\u00e9d\u00fcl \u00e9n ezt <span style=\"text-decoration: underline;\">H\u0151<\/span>nefossnak mondan\u00e1m) nev\u0171 helyen, Osl\u00f3t\u00f3l \u00e9szaknyugatra. Megmutattam nekik Stockholmot, azt mondt\u00e1k sokkal szebb \u00e9s vonz\u00f3bb, mint Oslo. Ez van, j\u00f3 helyre kell j\u00f6nni Erasmussal. \ud83d\ude1b Most j\u00f6ttek j\u00f3l a Swedish Society \u00f3r\u00e1n tanultak, kider\u00fclt, hogy t\u0171rhet\u0151en j\u00f3l tudok idegenvezetni a v\u00e1rosban. Ha m\u00e9gsem \u00edgy van, akkor max. kijav\u00edtanak ha \u00e9s amikor olvass\u00e1k.\u00a0 T\u00e1voz\u00e1suk el\u0151tt m\u00e9g elvittem \u0151ket egy Erasmus buliba, az el\u0151Valborg keret\u00e9ben. Ez szok\u00e1s szerint a Nymbleben (HK \u00e9p\u00fclet) volt, jellemz\u0151en ez volt ott eddig a legrosszabb parti, csak egy teremben volt zene \u00e9s az is pocs\u00e9k. Petivel meg is untuk kicsit a dolgot, a csajok persze m\u00e9g maradni akartak, \u00e1m legyen, maradtunk. Visszafel\u00e9 Magdit megpr\u00f3b\u00e1lta felszedni p\u00e1r portug\u00e1l sr\u00e1c, akiket azzal pr\u00f3b\u00e1lt ler\u00e1zni, hogy h\u00e1t \u0151 a v\u00e1rost\u00f3l nagyon messze lakik egy Sundbyberg nev\u0171 helyen teh\u00e1t b\u00e1rmennyire szeretn\u00e9, \u00fagysem ugyanarra mennek haza. Az egyik sr\u00e1c m\u00e9g a liftben is vel\u00fcnk volt, egy szinttel feljebb lakik, mint \u00e9n. Magdi az\u00e9rt ki\u00e1br\u00e1nd\u00edtotta szeg\u00e9nyt \u00edgy is. \ud83d\ude42<\/p>\n<div style=\"width: 410px\" class=\"wp-caption aligncenter\"><a href=\"http:\/\/picasaweb.google.com\/luxandras\/VegyesSvedKepek2#5330828077988305554\"><img decoding=\"async\" loading=\"lazy\" src=\"http:\/\/blog.luxa.hu\/files\/stockholm_csoportkep_klauek.jpg\" alt=\"A sv\u00e9d tan\u00e1rom valahol a h\u00e1tt\u00e9rben lakik\" width=\"400\" height=\"300\" \/><\/a><p class=\"wp-caption-text\">A sv\u00e9d tan\u00e1rom valahol a h\u00e1tt\u00e9rben lakik<\/p><\/div>\n<p>M\u00e1snap reggel \u0151k h\u00e1romnegyed \u00f3ra alv\u00e1s ut\u00e1n elindultak Skavst\u00e1ra, ez Stockholm kisebbik nemzetk\u00f6zi reptere, legal\u00e1bb egy \u00f3r\u00e1nyira van. \u00c9n h\u00e1rom \u00f3ra alv\u00e1s ut\u00e1n elindultam Uppsal\u00e1ba, err\u0151l majd holnap \u00edrok.<\/p>\n<div style=\"width: 410px\" class=\"wp-caption aligncenter\"><a href=\"http:\/\/picasaweb.google.com\/lh\/photo\/v-bsR2C36dcJWwIXTupchw?feat=embedwebsite\"><img decoding=\"async\" loading=\"lazy\" src=\"http:\/\/lh6.ggpht.com\/_UioWDNnesTU\/Sfrn4LlbI5I\/AAAAAAAAGUw\/oPJmvKolgKo\/s400\/193%20-%20Stockholm%20-%20Magdi%2C%20Klau%20l%C3%B3val.JPG\" alt=\"\" width=\"400\" height=\"300\" \/><\/a><p class=\"wp-caption-text\">Magdi \u00e9s Klau a v\u00e1rosh\u00e1za el\u0151tti lovon <\/p><\/div>\n<p style=\"padding-left: 30px;\">K\u00e9pek: Vegyes2 album <a href=\"http:\/\/picasaweb.google.com\/luxandras\/VegyesSvedKepek2#5330827927267220306\">163<\/a>-234.<\/p>\n","protected":false},"excerpt":{"rendered":"<p>\u00dagy t\u0171nik, az essz\u00e9\u00edr\u00e1s borzaszt\u00f3an cs\u00f6kkenti a bloghoz val\u00f3 kedvet. A h\u00e9ten \u00e1lland\u00f3an essz\u00e9ket \u00edrtam, ma reggel nyolckor kellett leadni az utols\u00f3t. order viagra in canada H\u00e9t \u00f3ra \u00f6tvenh\u00e1romkor t\u00f6lt\u00f6ttem fel, teh\u00e1t m\u00e9g b\u0151ven id\u0151n bel\u00fcl voltam. Ezzel f\u00fcgg \u00f6ssze egyike a kev\u00e9sb\u00e9 n\u00e9pszer\u0171 v\u00e9lem\u00e9nyeimnek: a Word 2007 jobb, mint az Open Office 2.1. A [&hellip;]<\/p>\n","protected":false},"author":2,"featured_media":0,"comment_status":"open","ping_status":"open","sticky":false,"template":"","format":"standard","meta":[],"categories":[5],"tags":[4,16,3,17],"_links":{"self":[{"href":"https:\/\/blog.luxa.hu\/index.php?rest_route=\/wp\/v2\/posts\/289"}],"collection":[{"href":"https:\/\/blog.luxa.hu\/index.php?rest_route=\/wp\/v2\/posts"}],"about":[{"href":"https:\/\/blog.luxa.hu\/index.php?rest_route=\/wp\/v2\/types\/post"}],"author":[{"embeddable":true,"href":"https:\/\/blog.luxa.hu\/index.php?rest_route=\/wp\/v2\/users\/2"}],"replies":[{"embeddable":true,"href":"https:\/\/blog.luxa.hu\/index.php?rest_route=%2Fwp%2Fv2%2Fcomments&post=289"}],"version-history":[{"count":5,"href":"https:\/\/blog.luxa.hu\/index.php?rest_route=\/wp\/v2\/posts\/289\/revisions"}],"predecessor-version":[{"id":384,"href":"https:\/\/blog.luxa.hu\/index.php?rest_route=\/wp\/v2\/posts\/289\/revisions\/384"}],"wp:attachment":[{"href":"https:\/\/blog.luxa.hu\/index.php?rest_route=%2Fwp%2Fv2%2Fmedia&parent=289"}],"wp:term":[{"taxonomy":"category","embeddable":true,"href":"https:\/\/blog.luxa.hu\/index.php?rest_route=%2Fwp%2Fv2%2Fcategories&post=289"},{"taxonomy":"post_tag","embeddable":true,"href":"https:\/\/blog.luxa.hu\/index.php?rest_route=%2Fwp%2Fv2%2Ftags&post=289"}],"curies":[{"name":"wp","href":"https:\/\/api.w.org\/{rel}","templated":true}]}}