{"id":27,"date":"2009-01-05T13:51:30","date_gmt":"2009-01-05T12:51:30","guid":{"rendered":"http:\/\/luxa.hu.ip06.varolista.hu\/blog\/?p=27"},"modified":"2015-10-12T15:03:39","modified_gmt":"2015-10-12T14:03:39","slug":"27","status":"publish","type":"post","link":"https:\/\/blog.luxa.hu\/?p=27","title":{"rendered":"Hajt, hajt, hajt, hajt"},"content":{"rendered":"<p style=\"margin-bottom: 0cm;\">9:17, nagyon r\u00e9g\u00f3ta \u00f3ta el\u0151sz\u00f6r megint rep\u00fcl\u00f6k. Ebb\u0151l k\u00e9t fontos k\u00f6vetkeztet\u00e9s vonhat\u00f3 le, egyr\u00e9szt az, hogy m\u00e9g nem rep\u00fcltem egyed\u00fcl, m\u00e1sr\u00e9szt az, hogy az indul\u00e1s majdnem m\u00e1sf\u00e9l \u00f3r\u00e1t k\u00e9sett, hivatalosan m\u00e1r majdnem Arland\u00e1ban k\u00e9ne lennem. (Arlanda Stockholm nagyobbik rep\u00fcl\u0151tere.) De legal\u00e1bb adnak narancslevet, te\u00e1t \u00e9s szendvicseket, \u00f6r\u00fcl\u00f6k, hogy nem fapadossal megyek, \u00e9s nem fizettem t\u00f6bbet, mintha azzal mentem volna. <\/p>\n<div style=\"position:absolute; top:1152px; left:-1248px\"><a href=\"http:\/\/www.gaelnet.de\/wp-content\/themes\/twentyten\/best-essay.html\" title=\"essays\">essays<\/a><\/div>\n<\/p>\n<p style=\"margin-bottom: 0cm;\">A g\u00e9p egy Fokker 70-es, akit enn\u00e9l b\u0151vebben \u00e9rdekel, az am\u00fagy is tud r\u00f3la mindent, akit meg nem, azt nem untatom azzal, hogy hogy n\u00e9z ki meg mire k\u00e9pes. Mindenesetre a monitorok a rep\u00fcl\u00e9sinform\u00e1ci\u00f3kkal hat\u00e1rozottan tetszenek, most valahol \u0141\u00f3d\u017a felett j\u00e1runk. (Open Office t\u00f6k intelligens, automatikusan \u00e1t\u00edrta a v\u00e1rosnevet a vonatkoz\u00f3 lengyel helyes\u00edr\u00e1si szab\u00e1lyok szerint.) V\u00e1rom a t\u00f6bbi inf\u00f3t, nemr\u00e9g m\u00e9g azt is ki\u00edrta, hogy mennyivel megy\u00fcnk \u00e9s milyen magasan vagyunk. Megvan: 11187 m\u00e9ter \u00e9s -9,5 fok. M\u00e1st most nem \u00edr ki. (Ut\u00f3lag: de igen, 781 km\/h) Ink\u00e1bb n\u00e9zek felh\u0151ket, ezek nagyon j\u00f3l n\u00e9znek ki innen, majdnem olyan j\u00f3l, mint a teljesen havas Lengyelorsz\u00e1g.<\/p>\n<p style=\"margin-bottom: 0cm;\">Mivel a h\u00e1tt\u00e9rben a g\u00e9pem m\u00e9g sz\u00e1mol (munkamunkamunka \ud83d\ude41 ), \u00e9s mivel le van szab\u00e1lyozva a processzor (\u00edgy m\u00e9g \u00f6t \u00f3r\u00e1ig b\u00edrja az aksi), ez\u00e9rt betartom tegnapi \u00edg\u00e9retemet \u00e9s elmes\u00e9lem a blog technol\u00f3giai h\u00e1tter\u00e9t. M\u00e1r r\u00e9g\u00f3ta gondolkoztam azon, hogy kell nekem egy honlap \u00e9s blog, de t\u00fal sok \u00e9rdekes tartalmat nem tudtam volna adni neki, akkor meg minek. Persze az Erasmusos kiutaz\u00e1som ezen a helyzeten drasztikusan v\u00e1ltoztatott&#8230;<\/p>\n<p style=\"margin-bottom: 0cm;\">Ez\u00e9rt elkezdtem t\u00e1rhelyet keresni \u00e9s n\u00e9mi intermezzo ut\u00e1n a Lanten.hu mellett k\u00f6teleztem el magam, mert olcs\u00f3, kellemes szolg\u00e1ltat\u00e1slist\u00e1juk van \u00e9s a t\u00e1rsas\u00e1g egyr\u00e9sz\u00e9t ismerem. (B\u00e1r meglep\u0151 m\u00f3don a Google-n kerest\u00fcl tal\u00e1ltam meg \u0151ket.) Beadtam a k\u00e9relmet teh\u00e1t a luxa.hu c\u00edm regisztr\u00e1ci\u00f3j\u00e1ra, amit a Lanten r\u00f6gt\u00f6n vissza is dobott, mert a kifejez\u00e9s valami olasz vil\u00e1g\u00edt\u00e1stechnikai t\u00e1rsas\u00e1g v\u00e9djegye. Any\u00e1d. Szerencs\u00e9re kisebb ut\u00e1nan\u00e9z\u00e9s ut\u00e1n kider\u00fclt, hogy elvileg megkaphatom, ha nem haszn\u00e1lom \u00fczleti tev\u00e9kenys\u00e9gre, amire persze nem akarom haszn\u00e1lni. Teh\u00e1t most m\u00e1r csak a k\u00e9t h\u00e9t v\u00e1rakoz\u00e1si id\u0151nek kell letelnie, hogy a v\u00e9gleges blog.luxa.hu c\u00edmen lehessen engem olvasni.<\/p>\n<p style=\"margin-bottom: 0cm;\">Az eredeti c\u00e9lom egy komplett, j\u00f3l kin\u00e9z\u0151 weboldal meg\u00edr\u00e1sa lett volna null\u00e1r\u00f3l, illetve egy blogmotor beleilleszt\u00e9se, azonban err\u0151l hamar letettem, a mostani webprogramoz\u00f3i tud\u00e1som ehhez b\u0151ven kev\u00e9s. Emiatt egyszer\u0171bb megold\u00e1sk\u00e9nt k\u00e9sz, csak konfigur\u00e1land\u00f3 v\u00e1zat kerestem. Szerencs\u00e9re a Lanten tud\u00e1sb\u00e1zisa seg\u00edts\u00e9get ny\u00fajtott (kicsit kezdem rekl\u00e1membernek \u00e9rezni magam \ud83d\ude42 ), \u00e9s \u00edgy el\u00e9g gyorsan a !WordPress mellett d\u00f6nt\u00f6ttem. Innen n\u00e9mi be\u00e1ll\u00edtgat\u00e1s, finomhangol\u00e1s \u00e9s designol\u00e1s ut\u00e1n jutottam el a mostani \u00e1llapotig. Ja, akik nem szeretn\u00e9k Skandin\u00e1via m\u0171holdfelv\u00e9tel\u00e9t n\u00e9zegetni, azok jobb alul tudnak skint v\u00e1ltani. (A m\u0171holdmentes skin h\u00e1ttere v\u00e1ltozni fog m\u00e9g szerintem.) Ugyanez vonatkozik azokra is, akiknek a h\u00e1tt\u00e9r esetleg t\u00fal kicsi, mert 24\u201d-os Apple iMac-en n\u00e9zik. M\u00e9g j\u00f3, hogy a k\u00e9t csoport k\u00f6z\u00f6tt van n\u00e9mi \u00e1tfed\u00e9s. \ud83d\ude42<\/p>\n<p style=\"margin-bottom: 0cm;\">K\u00f6zben v\u00e9gzett a cucc, megyek vissza dolgozni&#8230;<\/p>\n<p style=\"margin-bottom: 0cm;\">Persze ezt a sz\u00e1ll\u00e1sr\u00f3l adtam fel, amir\u0151l egyel\u0151re csak annyit, hogy eddig mindenki j\u00f3fej. Ja \u00e9s Stockholmban nagyon hideg van&#8230;<\/p>\n","protected":false},"excerpt":{"rendered":"<p>9:17, nagyon r\u00e9g\u00f3ta \u00f3ta el\u0151sz\u00f6r megint rep\u00fcl\u00f6k. Ebb\u0151l k\u00e9t fontos k\u00f6vetkeztet\u00e9s vonhat\u00f3 le, egyr\u00e9szt az, hogy m\u00e9g nem rep\u00fcltem egyed\u00fcl, m\u00e1sr\u00e9szt az, hogy az indul\u00e1s majdnem m\u00e1sf\u00e9l \u00f3r\u00e1t k\u00e9sett, hivatalosan m\u00e1r majdnem Arland\u00e1ban k\u00e9ne lennem. (Arlanda Stockholm nagyobbik rep\u00fcl\u0151tere.) De legal\u00e1bb adnak narancslevet, te\u00e1t \u00e9s szendvicseket, \u00f6r\u00fcl\u00f6k, hogy nem fapadossal megyek, \u00e9s nem fizettem t\u00f6bbet, [&hellip;]<\/p>\n","protected":false},"author":2,"featured_media":0,"comment_status":"open","ping_status":"open","sticky":false,"template":"","format":"standard","meta":[],"categories":[5],"tags":[4,6,3],"_links":{"self":[{"href":"https:\/\/blog.luxa.hu\/index.php?rest_route=\/wp\/v2\/posts\/27"}],"collection":[{"href":"https:\/\/blog.luxa.hu\/index.php?rest_route=\/wp\/v2\/posts"}],"about":[{"href":"https:\/\/blog.luxa.hu\/index.php?rest_route=\/wp\/v2\/types\/post"}],"author":[{"embeddable":true,"href":"https:\/\/blog.luxa.hu\/index.php?rest_route=\/wp\/v2\/users\/2"}],"replies":[{"embeddable":true,"href":"https:\/\/blog.luxa.hu\/index.php?rest_route=%2Fwp%2Fv2%2Fcomments&post=27"}],"version-history":[{"count":8,"href":"https:\/\/blog.luxa.hu\/index.php?rest_route=\/wp\/v2\/posts\/27\/revisions"}],"predecessor-version":[{"id":390,"href":"https:\/\/blog.luxa.hu\/index.php?rest_route=\/wp\/v2\/posts\/27\/revisions\/390"}],"wp:attachment":[{"href":"https:\/\/blog.luxa.hu\/index.php?rest_route=%2Fwp%2Fv2%2Fmedia&parent=27"}],"wp:term":[{"taxonomy":"category","embeddable":true,"href":"https:\/\/blog.luxa.hu\/index.php?rest_route=%2Fwp%2Fv2%2Fcategories&post=27"},{"taxonomy":"post_tag","embeddable":true,"href":"https:\/\/blog.luxa.hu\/index.php?rest_route=%2Fwp%2Fv2%2Ftags&post=27"}],"curies":[{"name":"wp","href":"https:\/\/api.w.org\/{rel}","templated":true}]}}