{"id":264,"date":"2009-04-09T00:06:52","date_gmt":"2009-04-08T23:06:52","guid":{"rendered":"http:\/\/blog.luxa.hu\/?p=264"},"modified":"2016-01-16T20:10:20","modified_gmt":"2016-01-16T19:10:20","slug":"a-kiralyno-szigete-es-egy-hazaut","status":"publish","type":"post","link":"https:\/\/blog.luxa.hu\/?p=264","title":{"rendered":"A kir\u00e1lyn\u0151 szigete \u00e9s egy haza\u00fat"},"content":{"rendered":"<p>H\u00e9tv\u00e9g\u00e9n Drottningholmba ment\u00fcnk el, ez az egyik f\u0151 kir\u00e1lyi palota a kett\u0151 k\u00f6z\u00fcl, ami azt jelenti, hogy laknak is benne. A sz\u0171kebben vett sv\u00e9d kir\u00e1lyi csal\u00e1d hivatalosan \u00f6t <a href=\"http:\/\/cialistadalafils.com\/\">generic cialis<\/a> tagb\u00f3l \u00e1ll, kir\u00e1ly, kir\u00e1lyn\u00e9, k\u00e9t l\u00e1ny, egy fi\u00fa. A legt\u00f6bb orsz\u00e1ggal ellent\u00e9tben 1979-ban bevezett\u00e9k azt a szab\u00e1lyoz\u00e1st, hogy a legid\u0151sebb gyerek \u00f6r\u00f6k\u00f6l nemre val\u00f3 tekintet n\u00e9lk\u00fcl; legal\u00e1bb k\u00f6nnyebb lesz elker\u00fclni az olyan probl\u00e9m\u00e1kat, amibe <a href=\"http:\/\/en.wikipedia.org\/wiki\/Japanese_Imperial_succession_controversy#\">Jap\u00e1n eg\u00e9sz cs\u00fany\u00e1n belefutott<\/a> (<a href=\"http:\/\/en.wikipedia.org\/wiki\/Prince_Hisahito_of_Akishino\">\u00e9s valami hihetetlen szerencs\u00e9vel \u00faszott meg<\/a>).<\/p>\n<div style=\"width: 410px\" class=\"wp-caption aligncenter\"><a href=\"http:\/\/www.royalcourt.se\/\"><img decoding=\"async\" loading=\"lazy\" src=\"http:\/\/blog.luxa.hu\/files\/familjen_bernadotte.gif\" alt=\"Balr\u00f3l jobbra\" width=\"400\" height=\"296\" \/><\/a><p class=\"wp-caption-text\">Balr\u00f3l jobbra: K\u00e1roly F\u00fcl\u00f6p herceg, Madeleine hercegn\u0151, XVI. K\u00e1roly Guszt\u00e1v, Szilvia kir\u00e1lyn\u00e9, Vikt\u00f3ria koronahercegn\u0151<\/p><\/div>\n<p>Sz\u00f3val Drottningholmban lakik a kir\u00e1ly \u00e9s a kir\u00e1lyn\u00e9, a gyerekek m\u00e1r kirep\u00fcltek. Ha a z\u00e1szl\u00f3rendszer olyan, mint Londonban, akkor \u00e9pp otthon voltak l\u00e1togat\u00e1sunk alatt, term\u00e9szetesen a l\u00e1togat\u00f3kt\u00f3l j\u00f3l elz\u00e1rt r\u00e9szeken. A kast\u00e9ly egy\u00e9bk\u00e9nt nem t\u00fal nagy \u00e9s bel\u00fclr\u0151l annyira nem is k\u00fcl\u00f6nleges, a t\u00f6rt\u00e9nelmi \u00e1ttekint\u00e9s jobban \u00e9rdekelt. (Ennek hosszabb ismertet\u00e9s\u00e9t most kihagyom, a l\u00e9nyeg annyi, hogy a kast\u00e9lyt Hedvig Eleon\u00f3ra r\u00e9gens-kir\u00e1lyn\u00e9 \u00e9p\u00edtette a XVII. sz\u00e1zadban, k\u00e9s\u0151bb pedig Louise Ulrika kir\u00e1lyn\u00e9 alatt nyerte el mostani form\u00e1j\u00e1t.)<\/p>\n<div style=\"width: 410px\" class=\"wp-caption aligncenter\"><a href=\"http:\/\/picasaweb.google.com\/lh\/photo\/4W89rAf_wXew5bpJO1Zohw?feat=embedwebsite\"><img decoding=\"async\" loading=\"lazy\" src=\"http:\/\/lh3.ggpht.com\/_UioWDNnesTU\/SdpqYDVo2XI\/AAAAAAAAF08\/-rA5r8HKexo\/s400\/033%20-%20Drottningsholm%20-%20%C3%89n.JPG\" alt=\"\" width=\"400\" height=\"300\" \/><\/a><p class=\"wp-caption-text\">\u00c9n, kast\u00e9llyal<\/p><\/div>\n<p>Az \u00e9p\u00fcletn\u00e9l nekem sokkal jobban tetszett az azt k\u00f6rbevev\u0151 park, ezt francia mint\u00e1ra eg\u00e9szen szab\u00e1lyosra tervezt\u00e9k, mindenesetre tele van s\u00f6v\u00e9nyekkel, hatalmas f\u00e1kkal \u00e9s egy\u00e9bk\u00e9nt is nagyon j\u00f3l n\u00e9z ki. A k\u00ednai pavilonok egyik\u00e9ben pedig egy kellemes kis k\u00e1v\u00e9z\u00f3 is m\u0171k\u00f6dik, ahol finom s\u00fctiket \u00e1rulnak.<\/p>\n<div style=\"width: 410px\" class=\"wp-caption aligncenter\"><a href=\"http:\/\/picasaweb.google.com\/lh\/photo\/uQOzvDKOTYuG8uWCjam4kQ?feat=embedwebsite\"><img decoding=\"async\" loading=\"lazy\" src=\"http:\/\/lh4.ggpht.com\/_UioWDNnesTU\/SdpqgDwZqEI\/AAAAAAAAF3A\/Qop41MvZ_lE\/s400\/049%20-%20Drottningsholm%20-%20Finom.JPG\" alt=\"\" width=\"400\" height=\"300\" \/><\/a><p class=\"wp-caption-text\">A pavilonok nem tetszenek, ink\u00e1bb a s\u00fctit mutatom meg<\/p><\/div>\n<p>A parkhoz tartozik egy nagyon nagy kutyafuttat\u00f3 is, helyes kis vizes\u00e1rokkal k\u00f6r\u00fclv\u00e9ve. Mivel Sonja rettenetes f\u00e9l a kuty\u00e1kt\u00f3l, ez\u00e9rt ez egy k\u00fcl\u00f6n\u00f6sen sz\u00f3rakoztat\u00f3 r\u00e9sze volt a kir\u00e1ndul\u00e1snak. \ud83d\ude42<\/p>\n<div style=\"width: 410px\" class=\"wp-caption aligncenter\"><a href=\"http:\/\/picasaweb.google.com\/lh\/photo\/G7g6CIf3DSxX9JtaZjMDpQ?feat=embedwebsite\"><img decoding=\"async\" loading=\"lazy\" src=\"http:\/\/lh6.ggpht.com\/_UioWDNnesTU\/SdpqnvP5cJI\/AAAAAAAAF5g\/QAojDq5lJVQ\/s400\/068%20-%20Drottningsholm%20-%20Evaku%C3%A1l%C3%A1s.JPG\" alt=\"\" width=\"400\" height=\"300\" \/><\/a><p class=\"wp-caption-text\">Sonj\u00e1t biztons\u00e1gba k\u00eds\u00e9rik<\/p><\/div>\n<p>A h\u00e9tv\u00e9ge t\u00f6bbi r\u00e9sze tanul\u00e1ssal telt, az egyik t\u00e1rgyam (Wireless Transmission Techniques) el\u00e9g neh\u00e9z, kicsit olyan mint a Mobil \u00e9s sz\u00e9less\u00e1v\u00fa kommunik\u00e1ci\u00f3 \u00e9s a paplacis Mobil h\u00edrk\u00f6zl\u00e9s alapjai vegy\u00edtve, csak sokkal t\u00f6bb, els\u0151re nagyon neh\u00e9z sz\u00e1mol\u00e1si p\u00e9ld\u00e1val. (Antenn\u00e1k, hul\u00e1mterjed\u00e9s, integr\u00e1l\u00e1sok.) Ebb\u0151l volt egy k\u00e9tf\u0151s h\u00e1zi feladat, amit Ana Maria Melendez Queroval kellett megcsin\u00e1lnom, \u0151 egy helyes kis spanyol csaj, el\u00e9gg\u00e9 \u00e9rt a dolgokhoz, de a kommunik\u00e1ci\u00f3 kicsit neh\u00e9zkes a hi\u00e1nyos angoltud\u00e1sa miatt. Nem olyan f\u00e1jdalmas mint Zuzu Petalsszal, de legal\u00e1bb olyan sz\u00f3rakoztat\u00f3.<\/p>\n<div style=\"width: 310px\" class=\"wp-caption aligncenter\"><a href=\"http:\/\/picasaweb.google.com\/lh\/photo\/pG8CzkOueGUhGeEwYie6Bw?feat=embedwebsite\"><img decoding=\"async\" loading=\"lazy\" src=\"http:\/\/lh3.ggpht.com\/_UioWDNnesTU\/SXxPh5bTJZI\/AAAAAAAADf0\/MmU5K7ZL7gU\/s400\/421%20-%20Stadshagen%20-%20Ana.JPG\" alt=\"\" width=\"300\" height=\"400\" \/><\/a><p class=\"wp-caption-text\">M\u00e9g kor\u00e1bbi fot\u00f3, de most is \u00edgy n\u00e9z ki<\/p><\/div>\n<p>A h\u00e1zit kedden adt\u00e1k ki, \u00e9n ugye szerd\u00e1n j\u00f6ttem haza, k\u00e9s\u0151bb mindkett\u0151nknek van el\u00e9g dolga. Megold\u00e1s: kedden \u00e1tmegyek \u00e9s megcsin\u00e1ljuk egy lend\u00fclettel. Szerencs\u00e9re a tan\u00e1r m\u00e1r d\u00e9lut\u00e1n felrakta, teh\u00e1t az eredeti 9PM-3AM terv helyett 6PM-1AM lett, ami az\u00e9rt j\u00f3val bar\u00e1ts\u00e1gosabb. A h\u00e1zi egy\u00e9bk\u00e9nt meglep\u0151en egyszer\u0171 volt, nagyr\u00e9szt Matlabos sz\u00e1molgat\u00e1s, vev\u0151optimaliz\u00e1l\u00e1s meg ilyenek, de a v\u00e9g\u00e9re el\u00e9g hull\u00e1k voltunk mindketten.<\/p>\n<div style=\"width: 410px\" class=\"wp-caption aligncenter\"><a href=\"http:\/\/en.wikipedia.org\/wiki\/Zlatan_Ibrahimovic\"><img decoding=\"async\" loading=\"lazy\" src=\"http:\/\/blog.luxa.hu\/files\/kth_wtt_player.gif\" alt=\"A picture with extremely important information regarding Swedens strategy to win the football word championship in 2010\" width=\"400\" height=\"281\" \/><\/a><p class=\"wp-caption-text\">&quot;...a picture with extremely important information regarding Sweden&#39;s strategy to win the football word championship in 2010.&quot;<\/p><\/div>\n<p>A g\u00e9pem reggel t\u00edzkor indult Arland\u00e1r\u00f3l, sz\u00f3val kicsit k\u00f3m\u00e1san indult a reggelem h\u00e1rom \u00f3ra alv\u00e1s ut\u00e1n. Csomagol\u00e1s, mosogat\u00e1s, jegyv\u00e9tel Arlanda Expressre, rohan\u00e1s pendelt\u00e5ghoz (kb. H\u00c9V). Az Arlanda Express el\u00e9 be\u00e1llt valami lass\u00fa j\u00e1rm\u0171, ez\u00e9rt a norm\u00e1lis sebess\u00e9ge fel\u00e9vel ment csak (vagyis nyolcvan\u00f6ttel csorogtunk), jellemz\u0151 m\u00f3don ez\u00e9rt nem gy\u0151ztek k\u00e9t nyelven sz\u00f3ban \u00e9s feliratokkal bocs\u00e1natot k\u00e9rni. M\u00e1s vil\u00e1g&#8230;<\/p>\n<p>A check-in persze eltartott egy ideig, <span style=\"text-decoration: line-through;\">a WizzAir ugyanis kedd este otthagyott 50 magyar utast Stockholmban g\u00e9p n\u00e9lk\u00fcl, akik egy r\u00e9sze persze a reggeli Mal\u00e9v g\u00e9pre szorult \u00e1t<\/span>.\u00a0 (<a href=\"http:\/\/index.hu\/bulvar\/2009\/04\/07\/svedorszagban_rekedt_50_magyar\/\">Ut\u00e1naolvastam<\/a>, a WizzAir g\u00e9p hajnalban kilenc utas kiv\u00e9tel\u00e9vel m\u00e9gis elrep\u00fclt, csak gy\u00e1rilag volt t\u00falfoglal\u00e1s.) Azok a kedves utasok, akik hajland\u00f3ak voltak a szerda reggeli helyett a szerda esti j\u00e1ratot v\u00e1lasztani, 250 eur\u00f3 h\u00e1lap\u00e9nzben r\u00e9szes\u00fcltek. Nem is rossz egy napi keresetnek, de \u00e9n nem \u00e9ltem a lehet\u0151s\u00e9ggel.<\/p>\n<p>Ferihegyen kider\u00fclt, hogy fogalmam sincs az OTP-s k\u00e1rty\u00e1m PIN-k\u00f3dj\u00e1r\u00f3l, ami m\u00e9g okozhat kellemetlens\u00e9geket, de most szerencs\u00e9re megh\u00e1l\u00e1lta mag\u00e1t, hogy mindh\u00e1rom k\u00e1rty\u00e1mat magammal hordom: nemsok\u00e1ra m\u00e1r a kisbuszban voltam, ahol sz\u00f3rakoztat\u00f3 t\u00e1rsalg\u00e1st folytattam egy id\u0151s sv\u00e9d h\u00e1zasp\u00e1rral, akik t\u00f6bbek k\u00f6z\u00f6tt megjegyezt\u00e9k, hogy Budapest milyen sz\u00e9p tiszta. Mindezt \u00fagy, hogy Stockholmb\u00f3l j\u00f6ttek. Az orsz\u00e1gim\u00e1zst pr\u00f3b\u00e1ltam nem nagyon rombolni, de az\u00e9rt igyekeztem majdani csal\u00f3d\u00e1sukat enyh\u00edteni. Az\u00e9rt rem\u00e9lem j\u00f3l \u00e9rzik magukat.<\/p>\n<p style=\"padding-left: 30px;\">K\u00e9pek: Vegyes2 album <a href=\"http:\/\/picasaweb.google.com\/lh\/photo\/cMSuLjShcklx0ummn3qAWw?feat=directlink\">1<\/a>-91.<\/p>\n","protected":false},"excerpt":{"rendered":"<p>H\u00e9tv\u00e9g\u00e9n Drottningholmba ment\u00fcnk el, ez az egyik f\u0151 kir\u00e1lyi palota a kett\u0151 k\u00f6z\u00fcl, ami azt jelenti, hogy laknak is benne. A sz\u0171kebben vett sv\u00e9d kir\u00e1lyi csal\u00e1d hivatalosan \u00f6t generic cialis tagb\u00f3l \u00e1ll, kir\u00e1ly, kir\u00e1lyn\u00e9, k\u00e9t l\u00e1ny, egy fi\u00fa. A legt\u00f6bb orsz\u00e1ggal ellent\u00e9tben 1979-ban bevezett\u00e9k azt a szab\u00e1lyoz\u00e1st, hogy a legid\u0151sebb gyerek \u00f6r\u00f6k\u00f6l nemre val\u00f3 tekintet [&hellip;]<\/p>\n","protected":false},"author":2,"featured_media":0,"comment_status":"open","ping_status":"open","sticky":false,"template":"","format":"standard","meta":[],"categories":[5],"tags":[6,9,3],"_links":{"self":[{"href":"https:\/\/blog.luxa.hu\/index.php?rest_route=\/wp\/v2\/posts\/264"}],"collection":[{"href":"https:\/\/blog.luxa.hu\/index.php?rest_route=\/wp\/v2\/posts"}],"about":[{"href":"https:\/\/blog.luxa.hu\/index.php?rest_route=\/wp\/v2\/types\/post"}],"author":[{"embeddable":true,"href":"https:\/\/blog.luxa.hu\/index.php?rest_route=\/wp\/v2\/users\/2"}],"replies":[{"embeddable":true,"href":"https:\/\/blog.luxa.hu\/index.php?rest_route=%2Fwp%2Fv2%2Fcomments&post=264"}],"version-history":[{"count":10,"href":"https:\/\/blog.luxa.hu\/index.php?rest_route=\/wp\/v2\/posts\/264\/revisions"}],"predecessor-version":[{"id":403,"href":"https:\/\/blog.luxa.hu\/index.php?rest_route=\/wp\/v2\/posts\/264\/revisions\/403"}],"wp:attachment":[{"href":"https:\/\/blog.luxa.hu\/index.php?rest_route=%2Fwp%2Fv2%2Fmedia&parent=264"}],"wp:term":[{"taxonomy":"category","embeddable":true,"href":"https:\/\/blog.luxa.hu\/index.php?rest_route=%2Fwp%2Fv2%2Fcategories&post=264"},{"taxonomy":"post_tag","embeddable":true,"href":"https:\/\/blog.luxa.hu\/index.php?rest_route=%2Fwp%2Fv2%2Ftags&post=264"}],"curies":[{"name":"wp","href":"https:\/\/api.w.org\/{rel}","templated":true}]}}