{"id":221,"date":"2009-03-28T14:59:45","date_gmt":"2009-03-28T13:59:45","guid":{"rendered":"http:\/\/blog.luxa.hu\/?p=221"},"modified":"2009-03-28T15:24:52","modified_gmt":"2009-03-28T14:24:52","slug":"kiruna-masodik-nap","status":"publish","type":"post","link":"https:\/\/blog.luxa.hu\/?p=221","title":{"rendered":"Kiruna, m\u00e1sodik nap"},"content":{"rendered":"<div style=\"width: 410px\" class=\"wp-caption aligncenter\"><a href=\"http:\/\/picasaweb.google.com\/lh\/photo\/YT6LWZ7XxW0S6ZR7I0sZYA?feat=embedwebsite\"><img decoding=\"async\" loading=\"lazy\" src=\"http:\/\/lh6.ggpht.com\/_UioWDNnesTU\/SczdWAWxQOI\/AAAAAAAAFgI\/ciB2B7NeOh4\/s400\/830m%20-%20Kiruna%20-%20ManuelCsoportk%C3%A9p.JPG\" alt=\"\" width=\"400\" height=\"300\" \/><\/a><p class=\"wp-caption-text\">Balr\u00f3l jobbra, els\u0151 sor: Manuel, Ernst, \u00c9n, Ivan, Bernhard, Remo; m\u00e1sodik sor: Luca, Ziad, Sonja, Andreas, Maria, Dominik, Laure, Louis, Daniel, Dali, Markus, Gilles. K\u00e9sz\u00edtette: Manuel Forrer<\/p><\/div>\n<p>A m\u00e1sodik nap f\u0151 programja a h\u00edres J\u00e9gsz\u00e1ll\u00f3  megtekint\u00e9se volt. A hotel Jukkasj\u00e4rviban (ez mellesleg egy finn nemzetis\u00e9g\u0171 falu volt valaha, tal\u00e1n most is az) fekszik, teh\u00e1t valahogy el kellett ide jutni a t\u00e1borb\u00f3l. Ehhez a helyi k\u00f6zleked\u00e9s egyik legfontosabb eszk\u00f6z\u00e9t, a snowmobile-t haszn\u00e1ltuk. A snowmobile egy-k\u00e9t szem\u00e9lyes valami, el\u0151l s\u00edl\u00e9cekkel, h\u00e1tul pedig l\u00e1nctalppal. A mi p\u00e9ld\u00e1nyaink olyan kilencvennel tudtak menni, de ezt csak a foly\u00f3n tudtuk kihaszn\u00e1lni, ugyanis nagyon \u00e9rz\u00e9keny a buck\u00e1kra \u00e9s emiatt kegyetlen\u00fcl dob\u00e1lja az embert. Ez k\u00fcl\u00f6n\u00f6sen igaz volt az erdei \u00f6sv\u00e9nyre, itt m\u00e9g kisebb ugrat\u00f3k is voltak, amiket persze a t\u00e1rsas\u00e1g t\u00f6bbs\u00e9ge nagyon \u00e9lvezett. Laurie mondjuk kev\u00e9sb\u00e9, neki siker\u00fclt tal\u00e1lkoznia egy f\u00e1val, de meg\u00faszta k\u00fcl\u00f6n\u00f6sebb gond n\u00e9lk\u00fcl \u00e9s m\u00e9g a kauci\u00f3t sem kellett kifizetnie.<\/p>\n<div style=\"width: 410px\" class=\"wp-caption aligncenter\"><a href=\"http:\/\/picasaweb.google.com\/lh\/photo\/hgOQL0u4kp8oq2iJBlU_CA?feat=embedwebsite\"><img decoding=\"async\" loading=\"lazy\" src=\"http:\/\/lh6.ggpht.com\/_UioWDNnesTU\/Scy_PfRMleI\/AAAAAAAAFLQ\/UzS3qCXxSWw\/s400\/853%20-%20Kiruna%20-%20Snowmobilok.JPG\" alt=\"\" width=\"400\" height=\"300\" \/><\/a><p class=\"wp-caption-text\">\u00dajonnan egymilli\u00f3n\u00e1l kezd\u0151dnek<\/p><\/div>\n<p>A menetsz\u00e9l \u00e9s az egy\u00e9bk\u00e9nt is hideg id\u0151 miatt j\u00f3l be is \u00f6lt\u00f6zt\u00fcnk, gyakorlatilag a s\u00edruh\u00e1mra (kab\u00e1t n\u00e9lk\u00fcl) vettem fel m\u00e9g egy over\u00e1llt, nagyon vastag zoknit \u00e9s csizm\u00e1t. Kellett is , mert n\u00e9ha m\u00e9g \u00edgy is h\u0171v\u00f6s volt.<\/p>\n<p>Maga az Icehotel nagyon l\u00e1tv\u00e1nyos, b\u00e1r kicsit nagyobbra sz\u00e1m\u00edtottam. M\u00e1rmint magasabbra. Mivel ny\u00e1ron elolvadna, ez\u00e9rt minden \u00e9vben \u00fajj\u00e1\u00e9p\u00edtik valamikor november k\u00f6rny\u00e9k\u00e9n a k\u00f6zeli foly\u00f3b\u00f3l el\u00f6z\u0151 \u00e9vben kiv\u00e1gott j\u00e9gt\u00f6mb\u00f6kb\u0151l. Emiatt a design minden \u00e9vben m\u00e1s \u00e9s m\u00e1s. K\u00e9t f\u0151 r\u00e9szb\u0151l \u00e1ll, a templomb\u00f3l \u00e9s a t\u00e9nyleges sz\u00e1ll\u00f3b\u00f3l.<\/p>\n<div style=\"width: 410px\" class=\"wp-caption aligncenter\"><a href=\"http:\/\/picasaweb.google.com\/lh\/photo\/0ngcToMqtxam0KJ8Ze60Sg?feat=embedwebsite\"><img decoding=\"async\" loading=\"lazy\" src=\"http:\/\/lh3.ggpht.com\/_UioWDNnesTU\/Scy_S1_TQmI\/AAAAAAAAFMk\/_QxQ853AAxQ\/s400\/863%20-%20Icehotel%20-%20Buld%C3%B3zer.JPG\" alt=\"\" width=\"400\" height=\"300\" \/><\/a><p class=\"wp-caption-text\">J\u00e9gv\u00e1g\u00e1s<\/p><\/div>\n<p>A templomot id\u00e9n lapp szellemis\u00e9gben tervezt\u00e9k, ez legink\u00e1bb a sok agancsban nyilv\u00e1nul meg, a r\u00e9nszarvasb\u0151r \u00e1lland\u00f3 kell\u00e9k, mert k\u00f6zvetlen\u00fcl a j\u00e9gen \u00fclni nem eg\u00e9szs\u00e9ges. A hely \u00e1ll\u00edt\u00f3lag n\u00e9pszer\u0171 esk\u00fcv\u0151i c\u00e9lpont, minden nap van egy-kett\u0151, illetve gyerekeket is hoznak keresztelni. Tradicion\u00e1lisan az ilyen gyerekek nev\u00e9ben szerepel az ice vagy is sz\u00f3tag, p\u00e9ld\u00e1ul Beatrice, Isidor, stb. A templomot \u00e9p\u00edt\u00e9sekor felszentelik, majd olvad\u00e1s el\u0151tt iz\u00e9, sz\u00f3val elveszik a szents\u00e9g\u00e9t. B\u00f3nusz pont annak, aki r\u00e1j\u00f6n, hogy van a deconsecrate magyarul, nekem fogalmam sincs. (A megszents\u00e9gtelen\u00edt az a desecrate.)<\/p>\n<div style=\"width: 410px\" class=\"wp-caption aligncenter\"><a href=\"http:\/\/picasaweb.google.com\/lh\/photo\/WZOmjEkpIjol5vrwShsNNw?feat=embedwebsite\"><img decoding=\"async\" loading=\"lazy\" src=\"http:\/\/lh4.ggpht.com\/_UioWDNnesTU\/Scy_Waxm5jI\/AAAAAAAAFNs\/cF27cWT53qA\/s400\/872%20-%20Icehotel%20-%20Templom.JPG\" alt=\"\" width=\"400\" height=\"300\" \/><\/a><p class=\"wp-caption-text\">K\u00e9p az olt\u00e1r fel\u0151l<\/p><\/div>\n<p>A hotel mostani v\u00e1ltozat\u00e1ban k\u00f6r\u00fclbel\u00fcl nyolcvan szoba van, ezek fele k\u00f6z\u00f6ns\u00e9ges szoba (3500 kr &#8211; 98000 Ft.), m\u00e1sik fele design szoba, mindegyik k\u00fcl\u00f6nb\u00f6z\u0151 dekor\u00e1ci\u00f3val (4300 kr &#8211;  120000 Ft.). Az \u00e1rak egy \u00e9jszak\u00e1ra \u00e9s a teljes k\u00e9t f\u0151s szob\u00e1ra vonatkoznak. Aki igaz\u00e1n k\u00fcl\u00f6nlegesre v\u00e1gyik az kib\u00e9relheti az Art Suite-ot is (7000 kr &#8211; 196000 Ft.), ennek az a specialit\u00e1sa, hogy a csak az itt alv\u00f3k \u00e9lvezhetik a sz\u00e9ps\u00e9g\u00e9t, a turist\u00e1k el\u0151l el van z\u00e1rva. (\u00c9pp ez\u00e9rt persze, lehet, hogy nagy \u00e1tver\u00e9s az eg\u00e9sz \u00e9s nem is sz\u00e9p.) A sz\u00e1ll\u00f3 ugyanis hat \u00f3r\u00e1ig 100 kr (2800 Ft.) ellen\u00e9ben l\u00e1togathat\u00f3, angol nyelv\u0171 vezet\u00e9ssel egybek\u00f6tve.<\/p>\n<div style=\"width: 410px\" class=\"wp-caption aligncenter\"><a href=\"http:\/\/picasaweb.google.com\/lh\/photo\/Y6gNFDyMA5Kqw0LuDIVlZg?feat=embedwebsite\"><img decoding=\"async\" loading=\"lazy\" src=\"http:\/\/lh3.ggpht.com\/_UioWDNnesTU\/Scy_ZRSpAeI\/AAAAAAAAFO8\/7knsBH3Qtic\/s400\/882%20-%20Icehotel%20-%20Szoba.JPG\" alt=\"\" width=\"400\" height=\"300\" \/><\/a><p class=\"wp-caption-text\">A gal\u00e9ri\u00e1ban m\u00e9g t\u00f6bb k\u00e9p<\/p><\/div>\n<p>A hotel r\u00e9sze m\u00e9g az Absolut Icebar is, itt k\u00fcl\u00f6nf\u00e9le italokat szolg\u00e1lnak fel j\u00e9gpoharakban. A k\u00fcl\u00f6nf\u00e9le italok persze j\u00f3r\u00e9szt az Absolut c\u00e9g term\u00e9kei, de az\u00e9rt sz\u00f3rakoztat\u00f3 lehet. Persze az italok meg\u00edv\u00e1s\u00e1ra csak kb. \u00f6t perc van, ugyanis ut\u00e1na belefagy a poh\u00e1rba \u00e9s olvasztgatni kell. Ez ut\u00f3bbi egy\u00e9bk\u00e9nt nek\u00fcnk is gondot okozott, a s\u00f6r rendszeresen belefagyott a dobozokba. Ha ez felbont\u00e1s el\u0151tt t\u00f6rt\u00e9nik, akkor persze \u00f6mlik ki bel\u0151le, mert a j\u00e9g t\u00f6bb helyet foglal a v\u00edzn\u00e9l.<\/p>\n<div style=\"width: 410px\" class=\"wp-caption aligncenter\"><a href=\"http:\/\/picasaweb.google.com\/lh\/photo\/Zb0MncehaVn4k4Zdx1EEEg?feat=embedwebsite\"><img decoding=\"async\" loading=\"lazy\" src=\"http:\/\/lh3.ggpht.com\/_UioWDNnesTU\/Scy_XC8ia0I\/AAAAAAAAFN8\/T2MjbEvBFd8\/s400\/874%20-%20Icehotel%20-%20J%C3%A9gb%C3%A1r.JPG\" alt=\"\" width=\"400\" height=\"300\" \/><\/a><p class=\"wp-caption-text\">H\u0151szigetelt palackok<\/p><\/div>\n<p>A J\u00e9gsz\u00e1ll\u00f3 elhagy\u00e1sa ut\u00e1n megint egy kis snowmobile-oz\u00e1s k\u00f6vetkezett (itt megtapasztaltam, hogy ketten sokkal rosszabb menni, mert nem gyorsul annyira \u00e9s nem tudod el\u0151re, hogy hol lesz a s\u00falypontod), majd r\u00e9nszarvas eb\u00e9d a t\u00e1bort\u0171z k\u00f6r\u00fcl. Ez r\u00e9nszarvash\u00fasb\u00f3l, krumplib\u00f3l \u00e9s \u00e1fonyalekv\u00e1rb\u00f3l \u00e1llt, \u00e9s nagyon \u00edzlett.<\/p>\n<div style=\"width: 310px\" class=\"wp-caption aligncenter\"><a href=\"http:\/\/picasaweb.google.com\/lh\/photo\/52FUgUVV-Fl00b7phivoOA?feat=embedwebsite\"><img decoding=\"async\" loading=\"lazy\" src=\"http:\/\/lh5.ggpht.com\/_UioWDNnesTU\/Scy_cWVbiFI\/AAAAAAAAFQg\/XLJHevcyGf4\/s400\/894%20-%20Kiruna%20-%20R%C3%A9nszarvash%C3%BAs.JPG\" alt=\"\" width=\"300\" height=\"400\" \/><\/a><p class=\"wp-caption-text\">Itt m\u00e9g k\u00e9sz\u00fcl<\/p><\/div>\n<p>A szok\u00e1sos d\u00e9lut\u00e1ni aktivit\u00e1sb\u00f3l kimaradt a s\u00edfut\u00e1s, cser\u00e9be pr\u00f3b\u00e1lkoztunk a l\u00e9khorg\u00e1szattal. Az elm\u00e9let annyi, hogy a j\u00e9gbe f\u00farunk egy l\u00e9ket, bedobjuk a csalit majd v\u00e1runk. A gyakorlat az, hogy a l\u00e9ket f\u00farni sz\u00f3rakoztat\u00f3, de nagyon f\u00e1raszt\u00f3, v\u00e1rni meg borzaszt\u00f3 hideg \u00e9s unalmas. V\u00e9g\u00fcl h\u00e1rom nap alatt senki nem fogott semmit.<\/p>\n<div style=\"width: 410px\" class=\"wp-caption aligncenter\"><a href=\"http:\/\/picasaweb.google.com\/lh\/photo\/AEj_jzeqYNRKZx9F32-yTA?feat=embedwebsite\"><img decoding=\"async\" loading=\"lazy\" src=\"http:\/\/lh6.ggpht.com\/_UioWDNnesTU\/Scy_hytqulI\/AAAAAAAAFS0\/_LTwEGebpek\/s400\/912%20-%20Kiruna%20-%20Horg%C3%A1sz.JPG\" alt=\"\" width=\"400\" height=\"300\" \/><\/a><p class=\"wp-caption-text\">A r\u00e9nszarvasb\u0151r\u0151k elengedhetetlenek<\/p><\/div>\n<p>Ezut\u00e1n az est f\u00e9nypontja, a szauna k\u00f6vetkezett. A szauna itt egy, a befagyott t\u00f3 k\u00f6zep\u00e9n \u00e1ll\u00f3 kis h\u00e1zik\u00f3, egy t\u00e9nyleges szauna r\u00e9sszel \u00e9s egy el\u0151t\u00e9rrel (plusz egy rakt\u00e1rral). Mindk\u00e9t szob\u00e1ban egy-egy fat\u00fczel\u00e9s\u0171 k\u00e1lyha van, ebbe kell pakolni az el\u0151z\u0151leg felhasogatott f\u00e1t. A szauna r\u00e9sz alj\u00e1n van egy csap\u00f3ajt\u00f3, ez k\u00f6zvetlen\u00fcl a t\u00f3ba vezet, ami itt a szauna miatt kicsit melegebb, valahol nulla \u00e9s h\u00e1rom fok k\u00f6z\u00f6tt. Mindenesetre j\u00e9gdarabok m\u00e9g vid\u00e1man \u00faszk\u00e1lnak benne. Innen lehet kinyerni a vizet, illetve ide lehet beugr\u00e1lni kicsit h\u0171lni. A tipikus k\u00f6r teh\u00e1t egy kis s\u00f6r\u00f6z\u00e9ssel vegy\u00edtett meleged\u00e9ssel kezd\u0151dik, amikor m\u00e1r nagyon meleg van, akkor vagy s\u00e9ta a hidegben (esetleg h\u00f3ban f\u00fcrd\u00e9s), vagy pedig r\u00f6vid \u00faszk\u00e1l\u00e1s (p\u00e1r m\u00e1sodperc) a t\u00f3ban j\u00f6n. Ut\u00f3bbi sor\u00e1n az els\u0151 m\u00e1sodpercekben nem \u00e9reztem semmit, majd kezdett nagyon hideg lenni, a kim\u00e1sz\u00e1s ut\u00e1n meg kellemes bizserg\u00e9s k\u00f6vetkezett a leh\u0171t\u00f6tt helyeken. \u00cdgy a szauna itt a k\u00f6z\u00f6ss\u00e9gi \u00e9let egyik k\u00f6z\u00e9ppontja, \u00f3r\u00e1kat lehet elt\u00f6lteni k\u00fcl\u00f6n\u00f6sebb probl\u00e9m\u00e1k n\u00e9lk\u00fcl.<\/p>\n<div style=\"width: 410px\" class=\"wp-caption aligncenter\"><a href=\"http:\/\/picasaweb.google.com\/lh\/photo\/Hx9sMCEu_le5a7WMct3XTw?feat=embedwebsite\"><img decoding=\"async\" loading=\"lazy\" src=\"http:\/\/lh4.ggpht.com\/_UioWDNnesTU\/Scy_i-g4OsI\/AAAAAAAAFTM\/tpZBlApIVDg\/s400\/915%20-%20Kiruna%20-%20Szauna.JPG\" alt=\"\" width=\"400\" height=\"300\" \/><\/a><p class=\"wp-caption-text\">Szauna messz\u00edr\u0151l<\/p><\/div>\n<p>Ez az idillt persze kicsit megt\u00f6rte a m\u00e1sodik nap est\u00e9je, amikor v\u00e9g\u00fcl h\u00e1rman maradtunk a szaun\u00e1ban Ernsttel \u00e9s Ziaddal. Alapvet\u0151en j\u00f3l b\u00edrtuk a dolgot, ez\u00e9rt kicsit fokoztuk a temp\u00f3t \u00e9s raktunk meg a t\u0171zre rendesen f\u00e1t is, vizet is. A f\u0171t\u00e9snek Ernst a nagy mestere, a technik\u00e1ja egy r\u00f6vid ajt\u00f3nyit\u00e1sos szell\u0151ztet\u00e9ssel (legyen friss leveg\u0151), a friss leveg\u0151 elkever\u00e9s\u00e9vel majd az ajt\u00f3k alapos becsuk\u00e1s\u00e1val kezd\u0151dik. Ezut\u00e1n \u00f6nt egy kis vizet a k\u00f6vekre, a keletkez\u0151 g\u0151zt elkeveri a szaun\u00e1ban, majd lez\u00e1r\u00e1sk\u00e9nt a szauna tetej\u00e9n felgy\u0171l\u0151 forr\u00f3 leveg\u0151t a bennl\u00e9v\u0151k fel\u00e9 legyezi (aufgu\u00df). (Ehhez persze kell egy t\u00f6r\u00f6lk\u00f6z\u0151.) Ut\u00f3bbi \u00e9rdekes \u00e9lm\u00e9ny, de nem rossz &#8211; am\u00edg az a leveg\u0151 nem t\u00fal forr\u00f3. Ezt a k\u00f6rt futottuk le h\u00e1rom-n\u00e9gyszer, majd elkezdt\u00fcnk k\u00fcl\u00f6nf\u00e9le gondolkoz\u00f3s j\u00e1t\u00e9kokat j\u00e1tszani, hogy tesztelj\u00fck, hogyan viselkedik az agy melegben. Az\u00e9rt a teljes\u00edtm\u00e9ny\u00fcnk \u00e9rezhet\u0151en leromlott. Mivel \u00fagy \u00e9rezt\u00fck, hogy m\u00e9g b\u00edrjuk egy kicsit, ez\u00e9rt Ernst futott m\u00e9g n\u00e9gy-\u00f6t k\u00f6rt ( a v\u00e9g\u00e9re a vask\u00e1lyha egy r\u00e9sze m\u00e1r v\u00f6r\u00f6sizz\u00e1sban volt). Az utols\u00f3 kett\u0151 m\u00e1r hat\u00e1rozottan f\u00e1j\u00f3s volt, a legutols\u00f3 adag meleg leveg\u0151 hat\u00e1s\u00e1ra meg Ziaddal el\u00e9rt\u00fck a t\u0171r\u00e9shat\u00e1runkat \u00e9s reflexszer\u0171en kimenek\u00fclt\u00fcnk a szaun\u00e1b\u00f3l a h\u00f3ra. (A reflexszer\u0171 itt t\u00e9nyleg azt jelenti, hogy a h\u0151hull\u00e1m ut\u00e1n gondolkod\u00e1s n\u00e9lk\u00fcl ugrottunk.) Nem volt az\u00e9rt rossz \u00edgy ut\u00f3lag. \ud83d\ude42<\/p>\n<div style=\"width: 310px\" class=\"wp-caption aligncenter\"><a href=\"http:\/\/picasaweb.google.com\/lh\/photo\/gOPQpBuZYtIhGtBuXAdMwg?feat=embedwebsite\"><img decoding=\"async\" loading=\"lazy\" src=\"http:\/\/lh3.ggpht.com\/_UioWDNnesTU\/Scy_lPhGFxI\/AAAAAAAAFbo\/0EnaQRvatYg\/s400\/922%20-%20Kiruna%20-%20Ernst%2C%20Ziad.JPG\" alt=\"\" width=\"300\" height=\"400\" \/><\/a><p class=\"wp-caption-text\">Szauna ut\u00e1n az emberek g\u0151z\u00f6l\u00f6gnek<\/p><\/div>\n<p style=\"padding-left: 30px;\">K\u00e9pek: Kiruna 59-147.<\/p>\n","protected":false},"excerpt":{"rendered":"<p>A m\u00e1sodik nap f\u0151 programja a h\u00edres J\u00e9gsz\u00e1ll\u00f3 megtekint\u00e9se volt. A hotel Jukkasj\u00e4rviban (ez mellesleg egy finn nemzetis\u00e9g\u0171 falu volt valaha, tal\u00e1n most is az) fekszik, teh\u00e1t valahogy el kellett ide jutni a t\u00e1borb\u00f3l. Ehhez a helyi k\u00f6zleked\u00e9s egyik legfontosabb eszk\u00f6z\u00e9t, a snowmobile-t haszn\u00e1ltuk. A snowmobile egy-k\u00e9t szem\u00e9lyes valami, el\u0151l s\u00edl\u00e9cekkel, h\u00e1tul pedig l\u00e1nctalppal. A [&hellip;]<\/p>\n","protected":false},"author":2,"featured_media":0,"comment_status":"open","ping_status":"open","sticky":false,"template":"","format":"standard","meta":[],"categories":[5],"tags":[13,15,6,3],"_links":{"self":[{"href":"https:\/\/blog.luxa.hu\/index.php?rest_route=\/wp\/v2\/posts\/221"}],"collection":[{"href":"https:\/\/blog.luxa.hu\/index.php?rest_route=\/wp\/v2\/posts"}],"about":[{"href":"https:\/\/blog.luxa.hu\/index.php?rest_route=\/wp\/v2\/types\/post"}],"author":[{"embeddable":true,"href":"https:\/\/blog.luxa.hu\/index.php?rest_route=\/wp\/v2\/users\/2"}],"replies":[{"embeddable":true,"href":"https:\/\/blog.luxa.hu\/index.php?rest_route=%2Fwp%2Fv2%2Fcomments&post=221"}],"version-history":[{"count":11,"href":"https:\/\/blog.luxa.hu\/index.php?rest_route=\/wp\/v2\/posts\/221\/revisions"}],"predecessor-version":[{"id":232,"href":"https:\/\/blog.luxa.hu\/index.php?rest_route=\/wp\/v2\/posts\/221\/revisions\/232"}],"wp:attachment":[{"href":"https:\/\/blog.luxa.hu\/index.php?rest_route=%2Fwp%2Fv2%2Fmedia&parent=221"}],"wp:term":[{"taxonomy":"category","embeddable":true,"href":"https:\/\/blog.luxa.hu\/index.php?rest_route=%2Fwp%2Fv2%2Fcategories&post=221"},{"taxonomy":"post_tag","embeddable":true,"href":"https:\/\/blog.luxa.hu\/index.php?rest_route=%2Fwp%2Fv2%2Ftags&post=221"}],"curies":[{"name":"wp","href":"https:\/\/api.w.org\/{rel}","templated":true}]}}