{"id":131,"date":"2009-02-01T00:20:11","date_gmt":"2009-01-31T23:20:11","guid":{"rendered":"http:\/\/blog.luxa.hu\/?p=131"},"modified":"2009-02-01T00:20:11","modified_gmt":"2009-01-31T23:20:11","slug":"orvosnal-svedorszagban","status":"publish","type":"post","link":"https:\/\/blog.luxa.hu\/?p=131","title":{"rendered":"Orvosn\u00e1l Sv\u00e9dorsz\u00e1gban"},"content":{"rendered":"<p>Tegnap reggel v\u00e9gre r\u00e1sz\u00e1ntam magam, hogy elmenjek orvoshoz. Igaz\u00e1b\u00f3l m\u00e1r kor\u00e1bban megtettem, de nem tudtam mennyi ideig fog tartani, ez\u00e9rt egy \u00fcres napot akartam hagyni erre. Felh\u00edvtam a <a href=\"http:\/\/www.vardguiden.se\/templates\/Article.aspx?c=3519\">Stockholmi K\u00f6zponti Eg\u00e9szs\u00e9g\u00fcgyi Forr\u00f3dr\u00f3tot<\/a>. Ez a nem s\u00fcrg\u0151ss\u00e9gi ell\u00e1t\u00e1s alf\u00e1ja, lehet \u0151ket k\u00e9rdezgetni mindenf\u00e9le dologgal kapcsolatban, azt is elmondj\u00e1k, hogy mit csin\u00e1lj a gyerekkel, ha l\u00e1zas, meg azt is, hogy hova menj\u00e9l, ha hirtelen ki\u00fct\u00e9sek jelentek meg az alkarodon. A kiszolg\u00e1l\u00e1s a sv\u00e9d men\u00fcrendszerrel kezd\u0151dik, majd ha nem nyomsz semmit, akkor egy kezel\u0151 kapcsol\u00e1sa k\u00f6vetkezik. \u0150 csak diszp\u00e9cser, \u0151 ir\u00e1ny\u00edt tov\u00e1bb a t\u00e9nyleges n\u0151v\u00e9rekhez, akinek el lehet mondani a panaszokat. M\u00e9rlegelnek kicsit, k\u00f6zlik az azonnali teend\u0151ket (esetemben semmi k\u00fcl\u00f6n\u00f6s) \u00e9s a legk\u00f6zelebbi rendel\u0151 el\u00e9rhet\u0151s\u00e9g\u00e9t \u00e9s telefonsz\u00e1m\u00e1t. (A telefonsz\u00e1mot mondjuk rosszul mondta, de a KTH honlapj\u00e1r\u00f3l el\u00e9rhet\u0151 <a href=\"http:\/\/www.kth.se\/studies\/master\/admitted-students\/1.8775?l=en_UK\">Health Care Guide<\/a>-ban szerepelt.) Sokat sejtet\u0151, hogy ez a szolg\u00e1ltat\u00e1s nem csak sv\u00e9d\u00fcl \u00e9s angolul \u00e9rhet\u0151 el (ez ut\u00f3bbit nem eml\u00edtik k\u00fcl\u00f6n, szimpl\u00e1n besz\u00e9lnek angolul \u00e9s annyi), hanem szerb-horv\u00e1tul \u00e9s arabul is.<\/p>\n<p>A rendel\u0151ben szint\u00e9n automata van el\u0151sz\u00f6r, majd v\u00e1r\u00f3lista a n\u0151v\u00e9rk\u00e9n\u00e9l, itt harminc m\u00e1sodpercenk\u00e9nt bemondj\u00e1k, hogy h\u00e1nyan vannak a vonalban el\u0151tted. Civiliz\u00e1lt. T\u00fcnetek elmond\u00e1sa, id\u0151pontfoglal\u00e1s. \u00c9n egy \u00f3r\u00e1ra kaptam id\u0151pontot, \u00e9s mire ide eljutottam m\u00e1r f\u00e9l tizenkett\u0151 volt, \u00edgy gyors borotv\u00e1lkoz\u00e1s, zuhanyz\u00e1s \u00e9s reggeli k\u00f6vetkezett.<\/p>\n<p>Mag\u00e1ban az orvosi rendel\u0151ben a recepci\u00f3n t\u00f6rt\u00e9n\u0151 fizet\u00e9ssel kezd\u0151dik a kiszolg\u00e1l\u00e1s, a vizitd\u00edj 130 kr (3850 Ft.). Az orvos n\u00e9v alapj\u00e1n sz\u00f3l\u00edt, \u00e9s az otthonit\u00f3l elt\u00e9r\u0151en nem saj\u00e1t szob\u00e1ja van, hanem egy \u00e9ppen \u00fcres vizsg\u00e1l\u00f3szob\u00e1t haszn\u00e1l. Ami szint\u00e9n meglep\u0151dtem, hogy a t\u00fcnetek meghallgat\u00e1sa ut\u00e1n f\u00fclembe val\u00f3 belen\u00e9z\u00e9ssel kezdte, majd szok\u00e1sos torok, s\u00f3hajtson stb. Valamilyen v\u00edrusos betegs\u00e9gem van, napokon bel\u00fcl jobban leszek, de addig is: 38 alatt ne foglalkozzak l\u00e1zzal, csak j\u00f3t tesz, felette 1 mg paracetamol, k\u00f6h\u00f6g\u00e9s ellen meg fel\u00edrt valamilyen oldatot. Morfint tartalmaz, ugye tudom mi az, este j\u00f3l alszom t\u0151le, ha reggel veszem be meg nem vezethetek. Aha, \u00e9rtem. (Azt nem tettem hozz\u00e1, hogy legutolj\u00e1ra akkor tal\u00e1lkoztam vele, amikor a Pity\u00e1val voltam k\u00ednai piacon \u00e9s megpr\u00f3b\u00e1ltak <em>kamionr\u00f3l leesett<\/em> morfint eladni nek\u00fcnk.) A paracetamol v\u00e9ny n\u00e9lk\u00fcli, de az oldathoz v\u00e9ny kell. Ha lett volna sv\u00e9d szem\u00e9lyi sz\u00e1mom, akkor csak annyi lett volna, hogy bemegyek egy patik\u00e1ba \u00e9s a nevem alapj\u00e1n kiadj\u00e1k, de \u00edgy fizikailag is meg kellett \u00edrnia a v\u00e9nyt. Az orvosok itt is cs\u00fany\u00e1n \u00edrnak.<\/p>\n<p>A patikusok viszont az elektronikus rendszer miatt nincsenek hozz\u00e1szokva. Mag\u00e1t a gy\u00f3gyszert el tudt\u00e1k olvasni, de a fel\u00edr\u00f3 orvos nev\u00e9t nem, persze \u00e9n sem tudtam, a pecs\u00e9ten meg itt nincs rajta. V\u00e9g\u00fcl a harmadik h\u00f6lgynek siker\u00fclt kivennie, hurr\u00e1, megkaptam a gy\u00f3gyszert, mehettem fizetni. A patika itt olyan, mint b\u00e1rmely m\u00e1sik bolt, a v\u00e9ny n\u00e9lk\u00fcl kaphat\u00f3 gy\u00f3gyszerek sz\u00e9pen ki vannak rakva, a v\u00e9nnyel kaphat\u00f3akhoz pedig sz\u00e1mos h\u00edv\u00f3rendszer van. A morfin mell\u00e9 vettem m\u00e9g egy adag pezsg\u0151tabletta form\u00e1j\u00fa paracetamolt is.<\/p>\n<div style=\"width: 310px\" class=\"wp-caption aligncenter\"><a href=\"http:\/\/picasaweb.google.hu\/lh\/photo\/mJYQQS7xXKwBt8i6UGlALQ?feat=embedwebsite\"><img decoding=\"async\" loading=\"lazy\" src=\"http:\/\/lh3.ggpht.com\/_UioWDNnesTU\/SYTUoZuZd3I\/AAAAAAAAD2Y\/xLYw21Sq-eY\/s400\/491%20-%20Mixture.JPG\" alt=\"\" width=\"300\" height=\"400\" \/><\/a><p class=\"wp-caption-text\">10 ml az adag<\/p><\/div>\n<p>Maga az \u00fcvegcse fent l\u00e1that\u00f3, picit t\u00f6bb hat\u00f3anyag tal\u00e1lhat\u00f3 benne, mint a hal\u00e1los adag, ez\u00e9rt a gyerekz\u00e1r el\u00e9g indokolt. Az \u00edze \u00e9des, de nem igaz\u00e1n \u00edzlik, nem egy <a href=\"http:\/\/www.informed.hu\/index.nfo?tPath=\/betegsegek\/gyacs\/application\/&amp;article_id=60347&amp;larticle=84599\">elix thymi<\/a>. Annyira nem \u00e1lmos\u00edt, de a sz\u00e1raz k\u00f6h\u00f6g\u00e9s ellen t\u00e9nyleg nagyon j\u00f3. Mint minden gy\u00f3gyszeren, ezen is rajta van a neve Braille-\u00edr\u00e1ssal.<\/p>\n<p>Mivel az \u00e9tv\u00e1gyam visszaj\u00f6tt ez\u00e9rt ma elmentem bev\u00e1s\u00e1rolni \u00e9s m\u00e1r sokadj\u00e1ra szembes\u00fcltem azzal, hogy mit hi\u00e1nyolok legink\u00e1bb a sv\u00e9d k\u00f6z\u00e9rtekb\u0151l: a norm\u00e1lis kenyeret. Van a lep\u00e9ny, ami finom de \u00e9des \u00e9s nem keny\u00e9rszer\u0171. Van a bagett, ami olyan, mint otthon, de egy nap alatt kisz\u00e1rad. \u00c9s van a sv\u00e9d keny\u00e9r, ami picit puh\u00e1bb, mint a magyar, a h\u00e9ja egy\u00e1ltal\u00e1n nem ropog\u00f3s \u00e9s szint\u00e9n \u00e9des. Mivel ezeket mind unom m\u00e1r, ez\u00e9rt egy f\u00e9l kil\u00f3s, magos barna kenyeret vettem, ez k\u00edv\u00fclr\u0151l ropog\u00f3snak t\u0171nik, rem\u00e9lem nem \u00e9des. Ha m\u00e9gis, akkor lehet, hogy kenyeret fogok s\u00fctni&#8230;<\/p>\n<div style=\"width: 310px\" class=\"wp-caption aligncenter\"><a href=\"http:\/\/picasaweb.google.hu\/lh\/photo\/BRn1oF7b7XAHdis4yp-frQ?feat=embedwebsite\"><img decoding=\"async\" loading=\"lazy\" src=\"http:\/\/lh5.ggpht.com\/_UioWDNnesTU\/SYTUorfCtVI\/AAAAAAAAD2g\/VjXqAAt5TIo\/s400\/492%20-%20Keny%C3%A9r.JPG\" alt=\"\" width=\"300\" height=\"400\" \/><\/a><p class=\"wp-caption-text\">Dr\u00e1g\u00e1bb is, mint a t\u00f6bbi<\/p><\/div>\n<p>J\u00e9, \u00e9jf\u00e9l. \u00c9s az MR2-n Himnusz megy. \ud83d\ude42 Ez pozit\u00edv, m\u00e9g ha kicsit el is \u00fct a r\u00e1di\u00f3 m\u00e1r nem annyira \u00faj profilj\u00e1t\u00f3l.<\/p>\n<p>Egy apr\u00f3s\u00e1g: m\u00e1t\u00f3l az \u00e1rakat fejben 30-cal szorzom \u00e9s nem 25-tel, mivel \u00e9n m\u00e1r 28.5-\u00e9rt kapom. Egy\u00e9bk\u00e9nt a korona <a href=\"http:\/\/blog.luxa.hu\/files\/sekhufeur2008.jpg\">okt\u00f3berig kb. egy\u00fctt mozgott az eur\u00f3val<\/a>, mostan\u00e1ban m\u00e1r nem ennyire szoros a kapcsolat, de az elmondhat\u00f3, hogy nem csak az eur\u00f3 dr\u00e1gul.<\/p>\n<p style=\"padding-left: 30px;\">K\u00e9pek: Vegyes album 145-146.<\/p>\n","protected":false},"excerpt":{"rendered":"<p>Tegnap reggel v\u00e9gre r\u00e1sz\u00e1ntam magam, hogy elmenjek orvoshoz. Igaz\u00e1b\u00f3l m\u00e1r kor\u00e1bban megtettem, de nem tudtam mennyi ideig fog tartani, ez\u00e9rt egy \u00fcres napot akartam hagyni erre. Felh\u00edvtam a Stockholmi K\u00f6zponti Eg\u00e9szs\u00e9g\u00fcgyi Forr\u00f3dr\u00f3tot. Ez a nem s\u00fcrg\u0151ss\u00e9gi ell\u00e1t\u00e1s alf\u00e1ja, lehet \u0151ket k\u00e9rdezgetni mindenf\u00e9le dologgal kapcsolatban, azt is elmondj\u00e1k, hogy mit csin\u00e1lj a gyerekkel, ha l\u00e1zas, meg [&hellip;]<\/p>\n","protected":false},"author":2,"featured_media":0,"comment_status":"open","ping_status":"open","sticky":false,"template":"","format":"standard","meta":[],"categories":[5],"tags":[12,13,3],"_links":{"self":[{"href":"https:\/\/blog.luxa.hu\/index.php?rest_route=\/wp\/v2\/posts\/131"}],"collection":[{"href":"https:\/\/blog.luxa.hu\/index.php?rest_route=\/wp\/v2\/posts"}],"about":[{"href":"https:\/\/blog.luxa.hu\/index.php?rest_route=\/wp\/v2\/types\/post"}],"author":[{"embeddable":true,"href":"https:\/\/blog.luxa.hu\/index.php?rest_route=\/wp\/v2\/users\/2"}],"replies":[{"embeddable":true,"href":"https:\/\/blog.luxa.hu\/index.php?rest_route=%2Fwp%2Fv2%2Fcomments&post=131"}],"version-history":[{"count":2,"href":"https:\/\/blog.luxa.hu\/index.php?rest_route=\/wp\/v2\/posts\/131\/revisions"}],"predecessor-version":[{"id":133,"href":"https:\/\/blog.luxa.hu\/index.php?rest_route=\/wp\/v2\/posts\/131\/revisions\/133"}],"wp:attachment":[{"href":"https:\/\/blog.luxa.hu\/index.php?rest_route=%2Fwp%2Fv2%2Fmedia&parent=131"}],"wp:term":[{"taxonomy":"category","embeddable":true,"href":"https:\/\/blog.luxa.hu\/index.php?rest_route=%2Fwp%2Fv2%2Fcategories&post=131"},{"taxonomy":"post_tag","embeddable":true,"href":"https:\/\/blog.luxa.hu\/index.php?rest_route=%2Fwp%2Fv2%2Ftags&post=131"}],"curies":[{"name":"wp","href":"https:\/\/api.w.org\/{rel}","templated":true}]}}