{"id":124,"date":"2009-01-28T23:44:15","date_gmt":"2009-01-28T22:44:15","guid":{"rendered":"http:\/\/blog.luxa.hu\/?p=124"},"modified":"2009-01-28T23:44:15","modified_gmt":"2009-01-28T22:44:15","slug":"dogrovason","status":"publish","type":"post","link":"https:\/\/blog.luxa.hu\/?p=124","title":{"rendered":"D\u00f6grov\u00e1son"},"content":{"rendered":"<p>Azt hiszem a k\u00f6zelj\u00f6v\u0151ben (konkr\u00e9tan holnap v holnaput\u00e1n) meg fogok ismerkedni a sv\u00e9d eg\u00e9szs\u00e9g\u00fcgy m\u0171k\u00f6d\u00e9s\u00e9vel. A m\u00e1r majdnem teljesen elm\u00falt k\u00f6h\u00f6g\u00e9sem ugyanis h\u00e9tf\u0151 \u00f3ta \u00faj er\u0151re t\u00f6rt, r\u00e1ad\u00e1sul k\u00e9t \u00faj kellemetlen dolog is megjelenti: fejf\u00e1j\u00e1s \u00e9s \u00e9tv\u00e1gytalans\u00e1g. Az el\u0151bbi miatt napjaim jelent\u0151s r\u00e9sz\u00e9t az \u00e1gyban, csukott szemmel t\u00f6lt\u00f6ttem, \u00edgy ugyanis picit jobb. Az ut\u00f3bbi is komoly gondokat okozott, egyszer\u0171en r\u00e1 sem tudok n\u00e9zni az \u00e9telre. Ennek ellen\u00e9re persze eszem, de k\u00ednszenved\u00e9s&#8230; Legal\u00e1bb l\u00e1zam nincs.<\/p>\n<p>A betegs\u00e9g miatt persze \u00f3r\u00e1kra j\u00e1rni borzaszt\u00f3an k\u00e9nyelmetlen, de am\u00edg j\u00e1rni tudok, addig nem szeretn\u00e9m cs\u00f6kkenteni a hi\u00e1nyz\u00e1si lehet\u0151s\u00e9geim sz\u00e1m\u00e1t.\u00a0 Holnap m\u00fazeuml\u00e1togat\u00e1s lesz, sz\u00f3val rem\u00e9lem, hogy picit jobban leszek.<\/p>\n<p>(Ez ilyen r\u00f6vid bejegyz\u00e9s, mert nem k\u00e9nyelmes g\u00e9pelni sem.)<\/p>\n","protected":false},"excerpt":{"rendered":"<p>Azt hiszem a k\u00f6zelj\u00f6v\u0151ben (konkr\u00e9tan holnap v holnaput\u00e1n) meg fogok ismerkedni a sv\u00e9d eg\u00e9szs\u00e9g\u00fcgy m\u0171k\u00f6d\u00e9s\u00e9vel. A m\u00e1r majdnem teljesen elm\u00falt k\u00f6h\u00f6g\u00e9sem ugyanis h\u00e9tf\u0151 \u00f3ta \u00faj er\u0151re t\u00f6rt, r\u00e1ad\u00e1sul k\u00e9t \u00faj kellemetlen dolog is megjelenti: fejf\u00e1j\u00e1s \u00e9s \u00e9tv\u00e1gytalans\u00e1g. Az el\u0151bbi miatt napjaim jelent\u0151s r\u00e9sz\u00e9t az \u00e1gyban, csukott szemmel t\u00f6lt\u00f6ttem, \u00edgy ugyanis picit jobb. Az ut\u00f3bbi is [&hellip;]<\/p>\n","protected":false},"author":2,"featured_media":0,"comment_status":"open","ping_status":"open","sticky":false,"template":"","format":"standard","meta":[],"categories":[5],"tags":[3],"_links":{"self":[{"href":"https:\/\/blog.luxa.hu\/index.php?rest_route=\/wp\/v2\/posts\/124"}],"collection":[{"href":"https:\/\/blog.luxa.hu\/index.php?rest_route=\/wp\/v2\/posts"}],"about":[{"href":"https:\/\/blog.luxa.hu\/index.php?rest_route=\/wp\/v2\/types\/post"}],"author":[{"embeddable":true,"href":"https:\/\/blog.luxa.hu\/index.php?rest_route=\/wp\/v2\/users\/2"}],"replies":[{"embeddable":true,"href":"https:\/\/blog.luxa.hu\/index.php?rest_route=%2Fwp%2Fv2%2Fcomments&post=124"}],"version-history":[{"count":2,"href":"https:\/\/blog.luxa.hu\/index.php?rest_route=\/wp\/v2\/posts\/124\/revisions"}],"predecessor-version":[{"id":126,"href":"https:\/\/blog.luxa.hu\/index.php?rest_route=\/wp\/v2\/posts\/124\/revisions\/126"}],"wp:attachment":[{"href":"https:\/\/blog.luxa.hu\/index.php?rest_route=%2Fwp%2Fv2%2Fmedia&parent=124"}],"wp:term":[{"taxonomy":"category","embeddable":true,"href":"https:\/\/blog.luxa.hu\/index.php?rest_route=%2Fwp%2Fv2%2Fcategories&post=124"},{"taxonomy":"post_tag","embeddable":true,"href":"https:\/\/blog.luxa.hu\/index.php?rest_route=%2Fwp%2Fv2%2Ftags&post=124"}],"curies":[{"name":"wp","href":"https:\/\/api.w.org\/{rel}","templated":true}]}}