{"id":114,"date":"2009-01-25T16:42:19","date_gmt":"2009-01-25T15:42:19","guid":{"rendered":"http:\/\/blog.luxa.hu\/?p=114"},"modified":"2009-02-01T00:21:10","modified_gmt":"2009-01-31T23:21:10","slug":"114","status":"publish","type":"post","link":"https:\/\/blog.luxa.hu\/?p=114","title":{"rendered":"D\u00e9lig alszunk"},"content":{"rendered":"<p>Az ut\u00f3bbi napokban siker\u00fclt k\u00f6r\u00fclbel\u00fcl 150 buli t\u00e9m\u00e1j\u00fa k\u00e9pet gy\u00e1rtanom, amib\u0151l 80 meg is \u00fct\u00f6tte a m\u00e9rc\u00e9t, teh\u00e1t megtartom. \ud83d\ude42 Nyitottam is egy \u00faj albumot  az eddigiek mell\u00e9 <a href=\"http:\/\/picasaweb.google.com\/luxandras\/SvedBulik?feat=directlink\">Sv\u00e9d bulik<\/a> c\u00edmmel, \u00edgy akit csak egy t\u00e9ma \u00e9rdekel, az k\u00f6nnyebben tudja az \u0151t nem \u00e9rdekl\u0151 k\u00e9peket kiv\u00e1logatni.<\/p>\n<p>A sorozat Luca sz\u00fclinapi partij\u00e1val kezd\u0151d\u00f6tt, amit a <a href=\"http:\/\/www.kth.se\/studies\/master\/accommodation\/rooms\/1.12776?l=en_UK\">stadshageni koll\u00e9gium<\/a> egyik folyos\u00f3j\u00e1n tartottunk meg, a szob\u00e1kba ugyanis m\u00e1r nem f\u00e9r be a t\u00e1rsas\u00e1g. Luca \u00e9s Alessandro f\u0151ztek, el\u0151bbi valamilyen z\u00f6lds\u00e9ges t\u00e9szt\u00e1t, im\u00e1dja a z\u00f6lds\u00e9ges t\u00e9szt\u00e1kat \u00e9s \u00fagy f\u0151z, hogy m\u00e9g nekem is \u00edzlik, ut\u00f3bbi pedig f\u0171szeres krumplis csirkecombot. Mindkett\u0151 nagyon finom volt, \u00fagy t\u0171nik, hogy az olaszok t\u00e9nyleg tudnak f\u0151zni&#8230; A kaja mell\u00e9 nagyr\u00e9szt s\u00f6r\u00f6ket \u00e9s cidert ittunk (a kb. 20 jelenl\u00e9v\u0151b\u0151l szinte mindenki hozott egy hatos csomagot, teh\u00e1t volt el\u00e9g), kiv\u00e9ve Luca, aki sz\u00fclinapj\u00e1ra valamilyen sv\u00e9d italt kapott, err\u0151l a lik\u0151rszer\u0171s\u00e9gr\u0151l m\u00e9g lesz sz\u00f3.<\/p>\n<div style=\"width: 410px\" class=\"wp-caption aligncenter\"><a href=\"http:\/\/picasaweb.google.com\/lh\/photo\/hbF-eWCPcRsv-Hr5p9UESA?feat=embedwebsite\"><img decoding=\"async\" loading=\"lazy\" src=\"http:\/\/lh5.ggpht.com\/_UioWDNnesTU\/SXxPc69ZQ3I\/AAAAAAAADes\/chK0-OGFlx4\/s400\/412%20-%20Stadshagen%20-%20Luca.JPG\" alt=\"\" width=\"400\" height=\"300\" \/><\/a><p class=\"wp-caption-text\">Luca a leg\u00fajabb szerzem\u00e9ny\u00e9t vizsg\u00e1lja<\/p><\/div>\n<p>Itt megint siker\u00fclt \u00f6sszeismerkedni egy p\u00e1r \u00faj emberrel, szerencs\u00e9re a legt\u00f6bbnek a nev\u00e9t siker\u00fclt legal\u00e1bb r\u00e9szben megjegyezni, valahogy a l\u00e1nyok k\u00f6nnyebben mennek. \ud83d\ude42 A t\u00f6bbieket meg a <a href=\"http:\/\/www.facebook.com\/home.php#\/profile.php?id=1037883043&amp;ref=profile\">Facebook<\/a>, a <a href=\"http:\/\/picasaweb.google.com\/luxandras\">Picasa<\/a> \u00e9s <a href=\"http:\/\/picasaweb.google.com\/lh\/photo\/RMgdxdtomya7z5YKTgFH4Q?feat=directlink\">Remi<\/a> seg\u00edts\u00e9g\u00e9vel siker\u00fclt \u00f6sszerakni, mondjuk le\u00edrni nem tudn\u00e1m \u0151ket. (A hollandiai Katelijn-t p\u00e9ld\u00e1ul magamt\u00f3l sosem siker\u00fclt volna. \ud83d\ude42 ) Az\u00e9rt az arc- \u00e9s n\u00e9vmem\u00f3ri\u00e1mon m\u00e9g kem\u00e9nyen dolgoznom k\u00e9ne.<\/p>\n<div style=\"width: 410px\" class=\"wp-caption aligncenter\"><a href=\"http:\/\/picasaweb.google.com\/lh\/photo\/Bvo-1thIcAPrLlZXQtvk3w?feat=embedwebsite\"><img decoding=\"async\" loading=\"lazy\" src=\"http:\/\/lh6.ggpht.com\/_UioWDNnesTU\/SXxPijSTvSI\/AAAAAAAADf8\/2-tl3JY-t5k\/s400\/422%20-%20Stadshagen%20-%20Sokan.JPG\" alt=\"\" width=\"400\" height=\"300\" \/><\/a><p class=\"wp-caption-text\">Luca (sikeres) gy\u0151zk\u00f6d\u00e9se, hogy szaxofonozzon<\/p><\/div>\n<p>Az \u00fcnnepl\u00e9s k\u00f6zben Markus bar\u00e1tn\u0151j\u00e9vel, Danielaval megbesz\u00e9lt\u00fck, hogy elj\u00e1runk sals\u00e1zni, \u00e1ll\u00edt\u00f3lag Markus mondta neki, hogy \u00e9n is szeretn\u00e9k t\u00e1ncolni, ezek szerint nem zavarja. M\u00e9g nem d\u00f6nt\u00f6tt\u00fck el, hogy a KTH-ba vagy a SU-ba j\u00e1runk, SU kicsit dr\u00e1g\u00e1bb, de jobb id\u0151pontban van. A SU a Stockholms Universitet r\u00f6vid\u00edt\u00e9se, ez a helybeli ELTE, tan\u00edtanak itt filmez\u00e9st\u0151l (Daniela valami hasonl\u00f3t tanul, meg designt) a nyelv\u00e9szeten \u00e1t a jogig mindenf\u00e9l\u00e9t. K\u00edv\u00e1ncsi vagyok, hogy a b\u00f6lcs\u00e9szeknek Sv\u00e9dorsz\u00e1gban milyen lehet\u0151s\u00e9geik vannak, valahogy \u00fagy \u00e9rzem, hogy nem a kecs\u00e1pot, nagy k\u00f3l\u00e1t k\u00e9rsz hozz\u00e1 vonalon mozognak.<\/p>\n<p>M\u00e1snap este pedig elj\u00f6tt a m\u00e1r r\u00e9gen v\u00e1rt sv\u00e9d vacsora ideje, itt tradicion\u00e1lis sv\u00e9d \u00e9telekhez tradicion\u00e1lis sv\u00e9d zene, tradicion\u00e1lis sv\u00e9d dalok \u00e9s tradicion\u00e1lis sv\u00e9d import Chianti j\u00e1rt. (A Chiantir\u00f3l mellesleg mindig ez jut eszembe: <a href=\"http:\/\/www.youtube.com\/watch?v=iVlkZVAw8Gc\">http:\/\/www.youtube.com\/watch?v=iVlkZVAw8Gc<\/a>.) A szervez\u00e9s egy\u00e9bk\u00e9nt messze volt a t\u00f6k\u00e9letest\u0151l, ugyanis Eur\u00f3pa vezet\u0151 m\u0171szaki egyetem\u00e9n a hangos\u00edt\u00e1s ismeretlen fogalom, \u00edgy mi semmit nem hallottunk az elmondott h\u00e1tt\u00e9rinf\u00f3kb\u00f3l \u00e9s az el\u00e9nekelt dalokb\u00f3l, f\u0151leg mivel <a href=\"http:\/\/hu.wikipedia.org\/wiki\/Pozit%C3%ADv_visszacsatol%C3%A1s\">a k\u00f6rny\u00e9ken mindenki besz\u00e9lgetett<\/a>. A dalokkal kapcsolatban elk\u00f6vettek m\u00e9g egy hib\u00e1t: a dalosk\u00f6nyvben szerepelt a dal angol ford\u00edt\u00e1sa \u00e9s a sv\u00e9d \u00e9nekelt sz\u00f6veg angol fonetikus \u00e1tirata. Ezzel gyakorlatilag \u00e9nekelhetetlenn\u00e9 tett\u00e9k \u0151ket, ugyanis a cseredi\u00e1kok nagyr\u00e9sze nem angol anyanyelv\u0171 \u00e9s tipikusan ink\u00e1bb szavak kiejt\u00e9s\u00e9t tanulja meg, mint bet\u0171k\u00e9t. Vagyis es\u00e9ly\u00fcnk sem volt a sz\u00f6veget el\u00e9g gyorsan feldolgozni (kiv\u00e9tel a <a href=\"http:\/\/www.youtube.com\/watch?v=XOmrJk3M6HQ\">Helan g\u00e5r<\/a>, mert ezt m\u00e1r ismert\u00fck kor\u00e1bbr\u00f3l), sokkal t\u00f6bbet \u00e9rt\u00fcnk volna a norm\u00e1lis sv\u00e9d sz\u00f6veggel. Egy\u00e9bk\u00e9nt a kaj\u00e1k finom voltak, b\u00e1r az\u00e9rt az \u00e9ttermi szintet nem \u00e9rt\u00e9k el.\u00a0 A men\u00fch\u00f6z j\u00e1rt egy doboz s\u00f6r (sv\u00e9d, teh\u00e1t nem finom), egy f\u00e9l \u00fcveg a m\u00e1r eml\u00edtett Chinatib\u00f3l elvileg azoknak, akiknek a jegye ezt tartalmazta, de a gyakorlatban mindenki kapott \u00e9s k\u00e9t feles a Luca-f\u00e9le lik\u0151rb\u0151l. \u00c9n egy osztr\u00e1k csajjal (Steffivel) szemben \u00fcltem, aki csak egy poh\u00e1r bort k\u00e9rt, \u00edgy kicsit t\u00f6bb jutott.<\/p>\n<div style=\"width: 410px\" class=\"wp-caption aligncenter\"><a href=\"http:\/\/picasaweb.google.com\/lh\/photo\/WUEP1Omp31id4yiFcwMiiQ?feat=embedwebsite\"><img decoding=\"async\" loading=\"lazy\" src=\"http:\/\/lh3.ggpht.com\/_UioWDNnesTU\/SXxbVlEkycI\/AAAAAAAADmo\/MmTajXH8C88\/s400\/427%20-%20Nymble%20-%20Asztal.JPG\" alt=\"\" width=\"400\" height=\"300\" \/><\/a><p class=\"wp-caption-text\">Az asztal most m\u00e9g sz\u00e9p rendezett<\/p><\/div>\n<p>A vacsora ut\u00e1n \u00e9rt a nap meglepet\u00e9se, ugyanis kider\u00fclt, hogy a m\u00f6g\u00f6ttem \u00fcl\u0151 n\u00e9met sr\u00e1c az \u0151si bajor Botond n\u00e9vre hallgat \u00e9s tud magyarul. Egy sz\u00e1momra \u00faj \u00e9lm\u00e9ny k\u00f6vetkezett, ugyanis magyarul besz\u00e9ltem valakivel \u00fagy, hogy k\u00f6zben az a beidegz\u0151d\u00e9s \u00e9lt bennem, hogy vele angolul kell besz\u00e9lnem. <em>Nagyon neh\u00e9z<\/em>, majdnem neki ment jobban a magyar mint nekem, ugyanis \u0151k otthon magyarul besz\u00e9lnek, valamikor a rendszerv\u00e1lt\u00e1s k\u00f6rny\u00e9k\u00e9n emigr\u00e1ltak a sz\u00fclei.<\/p>\n<div style=\"width: 410px\" class=\"wp-caption aligncenter\"><a href=\"http:\/\/picasaweb.google.com\/lh\/photo\/b3ymx5ngbx2C4kXjgo234Q?feat=embedwebsite\"><img decoding=\"async\" loading=\"lazy\" src=\"http:\/\/lh6.ggpht.com\/_UioWDNnesTU\/SXxbsoirn_I\/AAAAAAAADqc\/xnjGF8T1j_c\/s400\/457%20-%20Nymble%20-%20Band.JPG\" alt=\"\" width=\"400\" height=\"300\" \/><\/a><p class=\"wp-caption-text\">Eg\u00e9sz j\u00f3k voltak<\/p><\/div>\n<p>A vacsora ut\u00e1n ereszd-el-a-hajam k\u00f6vetkezett t\u00e1nccal \u00e9s zen\u00e9szekkel, ahol a lelkesed\u00e9st tov\u00e1bb n\u00f6velte\u00a0 a marad\u00e9k Chinati (ami persze m\u00e1sodpercek alatt elfogyott) \u00e9s p\u00e1r s\u00f6rcsap.\u00a0 Megint k\u00e9s\u0151n \u00e9rtem haza, ami a m\u00e1snap reggeli mos\u00e1s miatt nem volt t\u00fal szerencs\u00e9s, de az\u00e9rt siker\u00fclt felkelni.<\/p>\n<p style=\"padding-left: 30px;\">K\u00e9pek: Sv\u00e9d bulik album 1-76<\/p>\n","protected":false},"excerpt":{"rendered":"<p>Az ut\u00f3bbi napokban siker\u00fclt k\u00f6r\u00fclbel\u00fcl 150 buli t\u00e9m\u00e1j\u00fa k\u00e9pet gy\u00e1rtanom, amib\u0151l 80 meg is \u00fct\u00f6tte a m\u00e9rc\u00e9t, teh\u00e1t megtartom. \ud83d\ude42 Nyitottam is egy \u00faj albumot az eddigiek mell\u00e9 Sv\u00e9d bulik c\u00edmmel, \u00edgy akit csak egy t\u00e9ma \u00e9rdekel, az k\u00f6nnyebben tudja az \u0151t nem \u00e9rdekl\u0151 k\u00e9peket kiv\u00e1logatni. A sorozat Luca sz\u00fclinapi partij\u00e1val kezd\u0151d\u00f6tt, amit a stadshageni [&hellip;]<\/p>\n","protected":false},"author":2,"featured_media":0,"comment_status":"open","ping_status":"open","sticky":false,"template":"","format":"standard","meta":[],"categories":[5],"tags":[13,3],"_links":{"self":[{"href":"https:\/\/blog.luxa.hu\/index.php?rest_route=\/wp\/v2\/posts\/114"}],"collection":[{"href":"https:\/\/blog.luxa.hu\/index.php?rest_route=\/wp\/v2\/posts"}],"about":[{"href":"https:\/\/blog.luxa.hu\/index.php?rest_route=\/wp\/v2\/types\/post"}],"author":[{"embeddable":true,"href":"https:\/\/blog.luxa.hu\/index.php?rest_route=\/wp\/v2\/users\/2"}],"replies":[{"embeddable":true,"href":"https:\/\/blog.luxa.hu\/index.php?rest_route=%2Fwp%2Fv2%2Fcomments&post=114"}],"version-history":[{"count":10,"href":"https:\/\/blog.luxa.hu\/index.php?rest_route=\/wp\/v2\/posts\/114\/revisions"}],"predecessor-version":[{"id":122,"href":"https:\/\/blog.luxa.hu\/index.php?rest_route=\/wp\/v2\/posts\/114\/revisions\/122"}],"wp:attachment":[{"href":"https:\/\/blog.luxa.hu\/index.php?rest_route=%2Fwp%2Fv2%2Fmedia&parent=114"}],"wp:term":[{"taxonomy":"category","embeddable":true,"href":"https:\/\/blog.luxa.hu\/index.php?rest_route=%2Fwp%2Fv2%2Fcategories&post=114"},{"taxonomy":"post_tag","embeddable":true,"href":"https:\/\/blog.luxa.hu\/index.php?rest_route=%2Fwp%2Fv2%2Ftags&post=114"}],"curies":[{"name":"wp","href":"https:\/\/api.w.org\/{rel}","templated":true}]}}